{"id":152958,"date":"2020-02-12T08:57:00","date_gmt":"2020-02-12T11:57:00","guid":{"rendered":"http:\/\/www.caririemacao.com\/1\/?p=152958"},"modified":"2020-02-12T08:57:02","modified_gmt":"2020-02-12T11:57:02","slug":"fevereiro-roxo-saiba-mais-sobre-fibromialgia-e-lupus","status":"publish","type":"post","link":"https:\/\/www.caririemacao.com\/1\/2020\/02\/12\/fevereiro-roxo-saiba-mais-sobre-fibromialgia-e-lupus\/","title":{"rendered":"Fevereiro roxo: saiba mais sobre fibromialgia e l\u00fapus"},"content":{"rendered":"\n<p>As cores s\u00e3o s\u00edmbolos de campanhas de conscientiza\u00e7\u00e3o e sensibiliza\u00e7\u00e3o de doen\u00e7as e causas ao longo do ano. Neste m\u00eas, est\u00e1 em andamento a campanha \u201cFevereiro Roxo\u201d, em alus\u00e3o aos cuidados referentes \u00e0s doen\u00e7as l\u00fapus e fibromialgia.<\/p>\n\n\n\n<p>Em entrevista concedida \u00e0 r\u00e1dio Cariri FM, na manh\u00e3 desta ter\u00e7a-feira (11), a m\u00e9dica reumatologista do Hospital Universit\u00e1rio, Ana Luiza Andrade, falou sobre cada especificidade das doen\u00e7as, al\u00e9m de explicar mais sobre o objetivo da campanha.<\/p>\n\n\n\n<p>De acordo com a m\u00e9dica, \u201co l\u00fapus \u00e9 uma doen\u00e7a autoimune, inflamat\u00f3ria e cr\u00f4nica, que acomete pessoas jovens, na maioria das vezes. N\u00e3o se sabe exatamente a causa, mas sabe-se que por uma predisposi\u00e7\u00e3o gen\u00e9tica o paciente desenvolve anticorpos contra as pr\u00f3prias prote\u00ednas do corpo\u201d.<\/p>\n\n\n\n<p>J\u00e1 sobre a fibromialgia, Ana Luiza explicou que \u201c\u00e9 uma outra doen\u00e7a reumatol\u00f3gica, por\u00e9m, n\u00e3o de cunho autoimune. \u00c9 uma doen\u00e7a em que existe uma altera\u00e7\u00e3o \u2013 sem causa definida \u2013 da sensibiliza\u00e7\u00e3o da dor\u201d. Ou seja, um paciente com essa doen\u00e7a, tem uma sensibilidade a dor muito maior.<\/p>\n\n\n\n<p>A especialista explicou que as doen\u00e7as n\u00e3o podem ser evitadas, uma vez que s\u00e3o, em suma, resultado de uma predisposi\u00e7\u00e3o gen\u00e9tica, ou seja, as pessoas j\u00e1 nascem com a doen\u00e7a ou com grande chance de desenvolv\u00ea-la.<\/p>\n\n\n\n<p>Um paciente portador de l\u00fapus pode ter acometido qualquer \u00f3rg\u00e3o do seu corpo. Existem casos de lupos mais leves e menos graves, que afetam apenas a pele e articula\u00e7\u00f5es, e outros casos mais graves, onde cora\u00e7\u00e3o, c\u00e9rebro e pulm\u00f5es podem ser prejudicados \u2013 disse.<\/p>\n\n\n\n<p>Ainda durante a entrevista, a m\u00e9dica falou sobre a import\u00e2ncia dos medicamentos na manuten\u00e7\u00e3o da qualidade de vida dos pacientes. O l\u00fapus \u00e9 uma doen\u00e7a que pode levar o paciente a \u00f3bito, portanto cuidados s\u00e3o necess\u00e1rios.<\/p>\n\n\n\n<p>O paciente que faz o tratamento adequado, toma os medicamentos de forma regular, toma cuidados importantes como evitar a exposi\u00e7\u00e3o solar, tem uma dieta saud\u00e1vel, pode ter, sim, uma boa qualidade de vida \u2013 explicou.<\/p>\n\n\n\n<p>\u201cO diagn\u00f3stico precoce dessas ou de quaisquer outras doen\u00e7as, auxilia no progn\u00f3stico, a qualidade de vida e a sobrevida do paciente\u201d, completou a m\u00e9dica.<\/p>\n","protected":false},"excerpt":{"rendered":"<p>As cores s\u00e3o s\u00edmbolos de campanhas de conscientiza\u00e7\u00e3o e sensibiliza\u00e7\u00e3o de doen\u00e7as e causas ao longo do ano. Neste m\u00eas, est\u00e1 em andamento a campanha&hellip; <\/p>\n","protected":false},"author":2,"featured_media":152959,"comment_status":"closed","ping_status":"closed","sticky":false,"template":"","format":"standard","meta":{"sfsi_plus_gutenberg_text_before_share":"","sfsi_plus_gutenberg_show_text_before_share":"","sfsi_plus_gutenberg_icon_type":"","sfsi_plus_gutenberg_icon_alignemt":"","sfsi_plus_gutenburg_max_per_row":"","footnotes":""},"categories":[2],"tags":[],"class_list":["post-152958","post","type-post","status-publish","format-standard","has-post-thumbnail","hentry","category-geral"],"_links":{"self":[{"href":"https:\/\/www.caririemacao.com\/1\/wp-json\/wp\/v2\/posts\/152958","targetHints":{"allow":["GET"]}}],"collection":[{"href":"https:\/\/www.caririemacao.com\/1\/wp-json\/wp\/v2\/posts"}],"about":[{"href":"https:\/\/www.caririemacao.com\/1\/wp-json\/wp\/v2\/types\/post"}],"author":[{"embeddable":true,"href":"https:\/\/www.caririemacao.com\/1\/wp-json\/wp\/v2\/users\/2"}],"replies":[{"embeddable":true,"href":"https:\/\/www.caririemacao.com\/1\/wp-json\/wp\/v2\/comments?post=152958"}],"version-history":[{"count":1,"href":"https:\/\/www.caririemacao.com\/1\/wp-json\/wp\/v2\/posts\/152958\/revisions"}],"predecessor-version":[{"id":152960,"href":"https:\/\/www.caririemacao.com\/1\/wp-json\/wp\/v2\/posts\/152958\/revisions\/152960"}],"wp:featuredmedia":[{"embeddable":true,"href":"https:\/\/www.caririemacao.com\/1\/wp-json\/wp\/v2\/media\/152959"}],"wp:attachment":[{"href":"https:\/\/www.caririemacao.com\/1\/wp-json\/wp\/v2\/media?parent=152958"}],"wp:term":[{"taxonomy":"category","embeddable":true,"href":"https:\/\/www.caririemacao.com\/1\/wp-json\/wp\/v2\/categories?post=152958"},{"taxonomy":"post_tag","embeddable":true,"href":"https:\/\/www.caririemacao.com\/1\/wp-json\/wp\/v2\/tags?post=152958"}],"curies":[{"name":"wp","href":"https:\/\/api.w.org\/{rel}","templated":true}]}}