{"id":152965,"date":"2020-02-12T09:01:47","date_gmt":"2020-02-12T12:01:47","guid":{"rendered":"http:\/\/www.caririemacao.com\/1\/?p=152965"},"modified":"2020-02-12T09:01:49","modified_gmt":"2020-02-12T12:01:49","slug":"coronavirus-repatriados-mantem-rotina-tranquila","status":"publish","type":"post","link":"https:\/\/www.caririemacao.com\/1\/2020\/02\/12\/coronavirus-repatriados-mantem-rotina-tranquila\/","title":{"rendered":"Coronav\u00edrus: repatriados mant\u00eam rotina tranquila"},"content":{"rendered":"\n<p>O cinegrafista da Empresa Brasil de Comunica\u00e7\u00e3o (EBC) Warley Andrade afirmou hoje (11) que as pessoas repatriadas de Wuhan, na China, epicentro do surto de coronav\u00edrus, est\u00e3o tranquilas e colaborando com os procedimentos da quarentena na Base A\u00e9rea de An\u00e1polis, em Goi\u00e1s.<\/p>\n\n\n\n<p>\u201cEles entenderam a situa\u00e7\u00e3o, n\u00e3o h\u00e1 qualquer tipo de discuss\u00e3o sobre isso. Claro que [eles] n\u00e3o est\u00e3o na zona de conforto, mas est\u00e3o bem cientes, colaborando muito e agradecendo o trabalho do governo brasileiro nesse retorno ao pa\u00eds\u201d, disse Warley Andrade, que viajou em um dos avi\u00f5es da For\u00e7a A\u00e9rea Brasileira (FAB) para registrar o resgate dos brasileiros e suas fam\u00edlias, e tamb\u00e9m passa pelo per\u00edodo de quarentena no hotel de tr\u00e2nsito da unidade militar.<\/p>\n\n\n\n<p>As duas aeronaves partiram de Bras\u00edlia no dia 5 deste m\u00eas e pousaram na cidade goiana no \u00faltimo domingo (9) com 58 pessoas a bordo \u2013 34 que estavam em Wuhan e 24 que participaram da opera\u00e7\u00e3o de resgate.<\/p>\n\n\n\n<p>Segundo Andrade, por causa do tempo de viagem e da diferen\u00e7a de fuso hor\u00e1rio, ontem (10), a maioria passou o dia descansando nos quartos. Os repatriados tamb\u00e9m receberam orienta\u00e7\u00e3o sobre a rotina, as \u00e1reas permitidas e os principais cuidados a serem adotados durante os pr\u00f3ximos dias.<\/p>\n\n\n\n<p>\u201cA \u00fanica coisa realmente militar s\u00e3o os hor\u00e1rios pontuais da alimenta\u00e7\u00e3o. Temos total liberdade de circular na \u00e1rea delimitada por eles. Pode sair, dar uma corrida, a internet est\u00e1 liberada. As pessoas j\u00e1 est\u00e3o interagindo, fazendo amizades, as crian\u00e7as est\u00e3o brincando\u201d, disse Warley sobre a rotina na base a\u00e9rea.<\/p>\n\n\n\n<p>De acordo com o cinegrafista, uma das orienta\u00e7\u00f5es \u00e9 evitar a aglomera\u00e7\u00e3o. Os repatriados tamb\u00e9m foram alertados quanto ao uso das m\u00e1scaras nos espa\u00e7os comuns e sobre a higieniza\u00e7\u00e3o recorrente das m\u00e3os. As refei\u00e7\u00f5es s\u00e3o servidas no restaurante, mas consumidas nos quartos para evitar qualquer tipo de contamina\u00e7\u00e3o, por saliva, por exemplo.<\/p>\n\n\n\n<p>Todos est\u00e3o em apartamentos individuais ou, no caso dos que s\u00e3o pais ou m\u00e3es de crian\u00e7as menores, ficam no mesmo quarto. O grupo inclui crian\u00e7as de 2 e 3 anos e de 7 a 12 anos. As visitas est\u00e3o proibidas.<\/p>\n\n\n\n<p>As equipes de sa\u00fade e da vigil\u00e2ncia sanit\u00e1ria tamb\u00e9m fazem o monitoramento cl\u00ednico di\u00e1rio dos resgatados. Caso haja suspeita de infec\u00e7\u00e3o, eles ser\u00e3o isolados e levados para outro setor da base a\u00e9rea. Se o quadro de sa\u00fade se agravar, eles ser\u00e3o transportados, em aeronave preparada, para o Hospital da For\u00e7as Armadas, em Bras\u00edlia.<\/p>\n\n\n\n<p>No dia 30 de janeiro, a Organiza\u00e7\u00e3o Mundial da Sa\u00fade (OMS) declarou o surto de coronav\u00edrus como emerg\u00eancia em sa\u00fade p\u00fablica de import\u00e2ncia internacional.<\/p>\n\n\n\n<p>Mais de mil pessoas j\u00e1 morreram na China e 42 mil foram infectadas pelo novo v\u00edrus. No Brasil, sete pacientes s\u00e3o monitorados por suspeita de terem sido infectados. At\u00e9 agora, nenhum caso foi confirmado.<\/p>\n","protected":false},"excerpt":{"rendered":"<p>O cinegrafista da Empresa Brasil de Comunica\u00e7\u00e3o (EBC) Warley Andrade afirmou hoje (11) que as pessoas repatriadas de Wuhan, na China, epicentro do surto de&hellip; <\/p>\n","protected":false},"author":2,"featured_media":149584,"comment_status":"closed","ping_status":"closed","sticky":false,"template":"","format":"standard","meta":{"sfsi_plus_gutenberg_text_before_share":"","sfsi_plus_gutenberg_show_text_before_share":"","sfsi_plus_gutenberg_icon_type":"","sfsi_plus_gutenberg_icon_alignemt":"","sfsi_plus_gutenburg_max_per_row":"","footnotes":""},"categories":[2],"tags":[],"class_list":["post-152965","post","type-post","status-publish","format-standard","has-post-thumbnail","hentry","category-geral"],"_links":{"self":[{"href":"https:\/\/www.caririemacao.com\/1\/wp-json\/wp\/v2\/posts\/152965","targetHints":{"allow":["GET"]}}],"collection":[{"href":"https:\/\/www.caririemacao.com\/1\/wp-json\/wp\/v2\/posts"}],"about":[{"href":"https:\/\/www.caririemacao.com\/1\/wp-json\/wp\/v2\/types\/post"}],"author":[{"embeddable":true,"href":"https:\/\/www.caririemacao.com\/1\/wp-json\/wp\/v2\/users\/2"}],"replies":[{"embeddable":true,"href":"https:\/\/www.caririemacao.com\/1\/wp-json\/wp\/v2\/comments?post=152965"}],"version-history":[{"count":1,"href":"https:\/\/www.caririemacao.com\/1\/wp-json\/wp\/v2\/posts\/152965\/revisions"}],"predecessor-version":[{"id":152966,"href":"https:\/\/www.caririemacao.com\/1\/wp-json\/wp\/v2\/posts\/152965\/revisions\/152966"}],"wp:featuredmedia":[{"embeddable":true,"href":"https:\/\/www.caririemacao.com\/1\/wp-json\/wp\/v2\/media\/149584"}],"wp:attachment":[{"href":"https:\/\/www.caririemacao.com\/1\/wp-json\/wp\/v2\/media?parent=152965"}],"wp:term":[{"taxonomy":"category","embeddable":true,"href":"https:\/\/www.caririemacao.com\/1\/wp-json\/wp\/v2\/categories?post=152965"},{"taxonomy":"post_tag","embeddable":true,"href":"https:\/\/www.caririemacao.com\/1\/wp-json\/wp\/v2\/tags?post=152965"}],"curies":[{"name":"wp","href":"https:\/\/api.w.org\/{rel}","templated":true}]}}