{"id":152972,"date":"2020-02-12T09:06:46","date_gmt":"2020-02-12T12:06:46","guid":{"rendered":"http:\/\/www.caririemacao.com\/1\/?p=152972"},"modified":"2020-02-12T09:06:48","modified_gmt":"2020-02-12T12:06:48","slug":"acidente-envolvendo-tres-veiculos-deixa-dois-feridos-em-serra-branca","status":"publish","type":"post","link":"https:\/\/www.caririemacao.com\/1\/2020\/02\/12\/acidente-envolvendo-tres-veiculos-deixa-dois-feridos-em-serra-branca\/","title":{"rendered":"Acidente envolvendo tr\u00eas ve\u00edculos deixa dois feridos em Serra Branca"},"content":{"rendered":"\n<p>Na manh\u00e3 desta quarta-feira foi registrado um acidente envolvendo tr\u00eas ve\u00edculos no trevo que d\u00e1 acesso a cidade de Serra Branca, no Cariri Paraibano.<\/p>\n\n\n\n<p>De acordo com as informa\u00e7\u00f5es o acidente aconteceu quando um ve\u00edculo tipo Montana (placa NQJ-7423) de Itatuba seguia pela BR-412 e foi entrar para a cidade de Serra Branca colidindo com um ve\u00edculo prisma (placa NQF-2852) que voltada do sentido Campina Grande.<\/p>\n\n\n\n<figure class=\"wp-block-image\"><img decoding=\"async\" data-src=\"https:\/\/www.paraibamix.com.br\/wp-content\/uploads\/2020\/02\/1b7f0da5-80d0-4686-827f-ee68a730c705-1.jpg\" alt=\"\" class=\"wp-image-32189 lazyload\" src=\"data:image\/svg+xml;base64,PHN2ZyB3aWR0aD0iMSIgaGVpZ2h0PSIxIiB4bWxucz0iaHR0cDovL3d3dy53My5vcmcvMjAwMC9zdmciPjwvc3ZnPg==\" \/><\/figure>\n\n\n\n<p>O acidente ainda envolveu um terceiro ve\u00edculo. Ap\u00f3s a primeira colis\u00e3o, o ve\u00edculo prisma ainda bateu um Golf, pertencente ao serra-branquense, Daniel Artes que estava parado no trevo, esperando sua vez para seguir o percurso. Daniel passa bem e n\u00e3o teve ferimentos.<\/p>\n\n\n\n<p>O Samu de Serra Branca foi deslocado para o local e socorreu os motoristas da Montana e do Prisma que ainda n\u00e3o foram identificados pela nossa reportagem.<\/p>\n\n\n\n<p><strong>Para\u00edba Mix<\/strong><\/p>\n","protected":false},"excerpt":{"rendered":"<p>Na manh\u00e3 desta quarta-feira foi registrado um acidente envolvendo tr\u00eas ve\u00edculos no trevo que d\u00e1 acesso a cidade de Serra Branca, no Cariri Paraibano. De&hellip; <\/p>\n","protected":false},"author":2,"featured_media":152963,"comment_status":"closed","ping_status":"closed","sticky":false,"template":"","format":"standard","meta":{"sfsi_plus_gutenberg_text_before_share":"","sfsi_plus_gutenberg_show_text_before_share":"","sfsi_plus_gutenberg_icon_type":"","sfsi_plus_gutenberg_icon_alignemt":"","sfsi_plus_gutenburg_max_per_row":"","footnotes":""},"categories":[2],"tags":[],"class_list":["post-152972","post","type-post","status-publish","format-standard","has-post-thumbnail","hentry","category-geral"],"_links":{"self":[{"href":"https:\/\/www.caririemacao.com\/1\/wp-json\/wp\/v2\/posts\/152972","targetHints":{"allow":["GET"]}}],"collection":[{"href":"https:\/\/www.caririemacao.com\/1\/wp-json\/wp\/v2\/posts"}],"about":[{"href":"https:\/\/www.caririemacao.com\/1\/wp-json\/wp\/v2\/types\/post"}],"author":[{"embeddable":true,"href":"https:\/\/www.caririemacao.com\/1\/wp-json\/wp\/v2\/users\/2"}],"replies":[{"embeddable":true,"href":"https:\/\/www.caririemacao.com\/1\/wp-json\/wp\/v2\/comments?post=152972"}],"version-history":[{"count":1,"href":"https:\/\/www.caririemacao.com\/1\/wp-json\/wp\/v2\/posts\/152972\/revisions"}],"predecessor-version":[{"id":152973,"href":"https:\/\/www.caririemacao.com\/1\/wp-json\/wp\/v2\/posts\/152972\/revisions\/152973"}],"wp:featuredmedia":[{"embeddable":true,"href":"https:\/\/www.caririemacao.com\/1\/wp-json\/wp\/v2\/media\/152963"}],"wp:attachment":[{"href":"https:\/\/www.caririemacao.com\/1\/wp-json\/wp\/v2\/media?parent=152972"}],"wp:term":[{"taxonomy":"category","embeddable":true,"href":"https:\/\/www.caririemacao.com\/1\/wp-json\/wp\/v2\/categories?post=152972"},{"taxonomy":"post_tag","embeddable":true,"href":"https:\/\/www.caririemacao.com\/1\/wp-json\/wp\/v2\/tags?post=152972"}],"curies":[{"name":"wp","href":"https:\/\/api.w.org\/{rel}","templated":true}]}}