{"id":152974,"date":"2020-02-12T09:10:37","date_gmt":"2020-02-12T12:10:37","guid":{"rendered":"http:\/\/www.caririemacao.com\/1\/?p=152974"},"modified":"2020-02-12T09:10:39","modified_gmt":"2020-02-12T12:10:39","slug":"ufpb-divulga-resultado-da-1a-lista-de-espera-do-sisu","status":"publish","type":"post","link":"https:\/\/www.caririemacao.com\/1\/2020\/02\/12\/ufpb-divulga-resultado-da-1a-lista-de-espera-do-sisu\/","title":{"rendered":"UFPB divulga resultado da 1\u00aa lista de espera do Sisu"},"content":{"rendered":"\n<p>A Universidade Federal da Para\u00edba (UFPB) divulgou, na tarde desta ter\u00e7a-feira (11),&nbsp;<strong><a href=\"http:\/\/www.prg.ufpb.br\/prg\/codesc\/processos-seletivos\/noticias\/sisu-1a-edicao-2020\">os selecionados na primeira chamada da lista de espera referente ao 1\u00b0 processo seletivo do Sistema de Sele\u00e7\u00e3o Unificada (Sisu) em 2020.<\/a><\/strong><\/p>\n\n\n\n<p>Tamb\u00e9m foi publicada a primeira lista de remanejamento, com candidatos convocados para mudan\u00e7a de semestre e reconvoca\u00e7\u00e3o para 1\u00aa op\u00e7\u00e3o.<\/p>\n\n\n\n<p>O edital de convoca\u00e7\u00e3o para pr\u00e9-matr\u00edcula ser\u00e1 publicado no final da tarde desta quarta (12), no site da Pr\u00f3-reitoria de Gradua\u00e7\u00e3o da UFPB, com informa\u00e7\u00f5es detalhadas sobre dia, local e documenta\u00e7\u00e3o necess\u00e1ria.<\/p>\n\n\n\n<p>O cadastramento est\u00e1 previsto para os dias 17 e 18 de fevereiro. Mais duas novas chamadas dever\u00e3o ser realizadas at\u00e9 30 de abril, quando ser\u00e1 conclu\u00eddo este 1\u00b0 processo seletivo do Sisu em 2020.<\/p>\n\n\n\n<p>O semestre letivo come\u00e7ar\u00e1 em 23 de abril. As vagas remanescentes dever\u00e3o ser ofertadas na segunda edi\u00e7\u00e3o do Sisu 2020.<\/p>\n\n\n\n<p>No pa\u00eds, a UFPB \u00e9 a institui\u00e7\u00e3o federal que mais ofertou vagas. Ao todo, foram 7.872, sendo 3.930 para a ampla concorr\u00eancia e 3.942 para cotas e a\u00e7\u00f5es afirmativas, em conformidade com a Lei n\u00ba 12.711\/2012.<\/p>\n\n\n\n<p><strong>MaisPB<\/strong><\/p>\n","protected":false},"excerpt":{"rendered":"<p>A Universidade Federal da Para\u00edba (UFPB) divulgou, na tarde desta ter\u00e7a-feira (11),&nbsp;os selecionados na primeira chamada da lista de espera referente ao 1\u00b0 processo seletivo&hellip; <\/p>\n","protected":false},"author":2,"featured_media":152975,"comment_status":"closed","ping_status":"closed","sticky":false,"template":"","format":"standard","meta":{"sfsi_plus_gutenberg_text_before_share":"","sfsi_plus_gutenberg_show_text_before_share":"","sfsi_plus_gutenberg_icon_type":"","sfsi_plus_gutenberg_icon_alignemt":"","sfsi_plus_gutenburg_max_per_row":"","footnotes":""},"categories":[2],"tags":[],"class_list":["post-152974","post","type-post","status-publish","format-standard","has-post-thumbnail","hentry","category-geral"],"_links":{"self":[{"href":"https:\/\/www.caririemacao.com\/1\/wp-json\/wp\/v2\/posts\/152974","targetHints":{"allow":["GET"]}}],"collection":[{"href":"https:\/\/www.caririemacao.com\/1\/wp-json\/wp\/v2\/posts"}],"about":[{"href":"https:\/\/www.caririemacao.com\/1\/wp-json\/wp\/v2\/types\/post"}],"author":[{"embeddable":true,"href":"https:\/\/www.caririemacao.com\/1\/wp-json\/wp\/v2\/users\/2"}],"replies":[{"embeddable":true,"href":"https:\/\/www.caririemacao.com\/1\/wp-json\/wp\/v2\/comments?post=152974"}],"version-history":[{"count":1,"href":"https:\/\/www.caririemacao.com\/1\/wp-json\/wp\/v2\/posts\/152974\/revisions"}],"predecessor-version":[{"id":152976,"href":"https:\/\/www.caririemacao.com\/1\/wp-json\/wp\/v2\/posts\/152974\/revisions\/152976"}],"wp:featuredmedia":[{"embeddable":true,"href":"https:\/\/www.caririemacao.com\/1\/wp-json\/wp\/v2\/media\/152975"}],"wp:attachment":[{"href":"https:\/\/www.caririemacao.com\/1\/wp-json\/wp\/v2\/media?parent=152974"}],"wp:term":[{"taxonomy":"category","embeddable":true,"href":"https:\/\/www.caririemacao.com\/1\/wp-json\/wp\/v2\/categories?post=152974"},{"taxonomy":"post_tag","embeddable":true,"href":"https:\/\/www.caririemacao.com\/1\/wp-json\/wp\/v2\/tags?post=152974"}],"curies":[{"name":"wp","href":"https:\/\/api.w.org\/{rel}","templated":true}]}}