{"id":152979,"date":"2020-02-12T09:13:16","date_gmt":"2020-02-12T12:13:16","guid":{"rendered":"http:\/\/www.caririemacao.com\/1\/?p=152979"},"modified":"2020-02-12T09:13:18","modified_gmt":"2020-02-12T12:13:18","slug":"conselho-da-amazonia-vai-unificar-acoes-do-governo-diz-mourao","status":"publish","type":"post","link":"https:\/\/www.caririemacao.com\/1\/2020\/02\/12\/conselho-da-amazonia-vai-unificar-acoes-do-governo-diz-mourao\/","title":{"rendered":"Conselho da Amaz\u00f4nia vai unificar a\u00e7\u00f5es do governo, diz Mour\u00e3o"},"content":{"rendered":"\n<p>O vice-presidente da Rep\u00fablica, Hamilton Mour\u00e3o, afirmou hoje (11) que o principal objetivo do Conselho da Amaz\u00f4nia,&nbsp;<a href=\"http:\/\/agenciabrasil.ebc.com.br\/politica\/noticia\/2020-01\/bolsonaro-determina-criacao-de-conselho-para-acoes-na-amazonia\" target=\"_blank\" rel=\"noreferrer noopener\">reinstalado pelo presidente Jair Bolsonaro<\/a>, ser\u00e1 o de integrar a\u00e7\u00f5es federais na regi\u00e3o amaz\u00f4nica, incluindo articula\u00e7\u00e3o com estados, munic\u00edpios e sociedade civil. Em cerim\u00f4nia no Pal\u00e1cio do Planalto, Bolsonaro assinou o decreto que transfere o conselho para a Vice-Presid\u00eancia da Rep\u00fablica, sob coordena\u00e7\u00e3o de Mour\u00e3o.&nbsp;<\/p>\n\n\n\n<p>O colegiado re\u00fane, al\u00e9m da vice-presid\u00eancia,&nbsp;14 minist\u00e9rios: Casa Civil, Justi\u00e7a e Seguran\u00e7a P\u00fablica, Defesa, Rela\u00e7\u00f5es Exteriores, Economia, Infraestrutura, Agricultura, Minas e Energia, Ci\u00eancia e Tecnologia, Meio Ambiente, Desenvolvimento Regional, Secretaria-Geral da Presid\u00eancia, Secretaria de Governo e Gabinete de Seguran\u00e7a Institucional da Presid\u00eancia.&nbsp;Criado originalmente em 1995, no governo do ex-presidente Fernando Henrique Cardoso, o conselho era subordinado ao Minist\u00e9rio do Meio Ambiente e tinha, entre os seus integrantes, os governadores dos estados da regi\u00e3o.<\/p>\n\n\n\n<p>&#8220;Foi observado pelo governo que existem v\u00e1rias pol\u00edticas p\u00fablicas, nos mais diferentes minist\u00e9rios, que atuam praticamente independentes, sem haver uma integra\u00e7\u00e3o das mesmas e, com isso, leva ao desperd\u00edcio de recursos e \u00e0 perda de efic\u00e1cia das a\u00e7\u00f5es. Ent\u00e3o, a cria\u00e7\u00e3o do conselho \u00e9 para que a gente consiga ter um comando, um controle dessas atividades, que haja comunica\u00e7\u00e3o entre os diferentes \u00f3rg\u00e3os governamentais, todos falando a mesma linguagem, que tenhamos um intelig\u00eancia direcionada para o que acontece na regi\u00e3o amaz\u00f4nica, para que a gente possa agir a tempo&#8221;, disse Mour\u00e3o, em coletiva de imprensa ap\u00f3s a solenidade.<\/p>\n\n\n\n<p>Pelo decreto assinado, que ser\u00e1 publicado na edi\u00e7\u00e3o de amanh\u00e3 (12) do&nbsp;<em>Di\u00e1rio Oficial da Uni\u00e3o<\/em>, o conselho ter\u00e1 poderes para propor e acompanhar pol\u00edticas p\u00fablicas regionais e, entre outras atribui\u00e7\u00f5es, coordenar a\u00e7\u00f5es de preven\u00e7\u00e3o, fiscaliza\u00e7\u00e3o e repress\u00e3o a il\u00edcitos e o interc\u00e2mbio de informa\u00e7\u00f5es na Amaz\u00f4nia Legal.&nbsp;<\/p>\n\n\n\n<figure class=\"wp-block-image\"><img decoding=\"async\" data-src=\"http:\/\/imagens.ebc.com.br\/O0wOad05VjoQg1lB8cttB8joX4Q=\/754x0\/smart\/http:\/\/agenciabrasil.ebc.com.br\/sites\/default\/files\/thumbnails\/image\/2019-08-22t114757z_618386587_rc14bdbbc9f0_rtrmadp_3_brazil-environment-wildfires.jpg?itok=Cs8VtRyB\" alt=\"2019-08-22t114757z_618386587_rc14bdbbc9f0_rtrmadp_3_brazil-environment-wildfires\" src=\"data:image\/svg+xml;base64,PHN2ZyB3aWR0aD0iMSIgaGVpZ2h0PSIxIiB4bWxucz0iaHR0cDovL3d3dy53My5vcmcvMjAwMC9zdmciPjwvc3ZnPg==\" class=\"lazyload\" \/><\/figure>\n\n\n\n<h6 class=\"wp-block-heading\">Mour\u00e3o disse que a ideia \u00e9 que o conselho se antecipe a eventuais problemas relacionados a queimadas e desmatamento no Amazonas&nbsp;&#8211;&nbsp;<strong>REUTERS \/ Ueslei Marcelino<\/strong><\/h6>\n\n\n\n<h2 class=\"wp-block-heading\">Queimadas e desmatamento<\/h2>\n\n\n\n<p>De imediato, informou Mour\u00e3o, a ideia \u00e9 que o conselho se antecipe a eventuais problemas relacionados a queimadas e desmatamento na regi\u00e3o. No ano passado, de acordo com dados consolidados do Instituto Nacional de Pesquisas Espaciais (Inpe), foi registrado um aumento de 30% de queimadas na Amaz\u00f4nia, na compara\u00e7\u00e3o com 2018. O vice-presidente n\u00e3o descartou solicitar novamente o apoio das For\u00e7as Armadas para coibir a\u00e7\u00f5es ilegais na regi\u00e3o.<\/p>\n\n\n\n<p>&#8220;N\u00f3s sabemos onde est\u00e1 o problema. A an\u00e1lise das imagens de sat\u00e9lite, sejam&nbsp;a&nbsp;fornecidas pelo Inpe, seja&nbsp;do trabalho que \u00e9 feito pelo Centro de Controle do Sistema de Prote\u00e7\u00e3o da Amaz\u00f4nia, o Censipam, fornece as \u00e1reas onde h\u00e1 problema. Ent\u00e3o, vamos nos dedicar, de imediato, nessa quest\u00e3o da preserva\u00e7\u00e3o, numa primeira medida, buscando nos antecipar ao problema e evitar que ocoorram desmatamentos e queimadas al\u00e9m daquilo que est\u00e1 previsto legalmente. (&#8230;) Provavelmente, teremos&nbsp;que solicitar apoio das For\u00e7as Armadas, de modo que a gente tenha capacidade de gerenciar uma poss\u00edvel crise que possa ocorrer, ainda fruto do que ocorreu no ano passado, a gente sabe que \u00e1reas que j\u00e1 foram derrubadas no ano passado podem ser queimadas este ano&#8221;, disse.<\/p>\n\n\n\n<p>Mour\u00e3o garantiu que o conselho ouvir\u00e1 representantes da sociedade civil, incluindo a academia, para construir pol\u00edticas p\u00fablicas que possam, al\u00e9m de garantir a preserva\u00e7\u00e3o ambiental, oferecer alternativas de desenvolvimento sustent\u00e1vel para a Amaz\u00f4nia, que abriga uma popula\u00e7\u00e3o de 25 milh\u00f5es de pessoas.&nbsp;<\/p>\n\n\n\n<p>&#8220;O desenvolvimento da Amaz\u00f4nia passa pela bioeconomia, pelo ordenamento territorial, temos que conversar com as pessoas que est\u00e3o no terreno e conhecem, de modo que n\u00f3s tenhamos condi\u00e7\u00f5es de fazer um alinhamento e estabelecer efetivamente uma pol\u00edtica do Estado brasileiro&#8221;.&nbsp;<\/p>\n","protected":false},"excerpt":{"rendered":"<p>O vice-presidente da Rep\u00fablica, Hamilton Mour\u00e3o, afirmou hoje (11) que o principal objetivo do Conselho da Amaz\u00f4nia,&nbsp;reinstalado pelo presidente Jair Bolsonaro, ser\u00e1 o de integrar&hellip; <\/p>\n","protected":false},"author":2,"featured_media":99257,"comment_status":"closed","ping_status":"closed","sticky":false,"template":"","format":"standard","meta":{"sfsi_plus_gutenberg_text_before_share":"","sfsi_plus_gutenberg_show_text_before_share":"","sfsi_plus_gutenberg_icon_type":"","sfsi_plus_gutenberg_icon_alignemt":"","sfsi_plus_gutenburg_max_per_row":"","footnotes":""},"categories":[2],"tags":[],"class_list":["post-152979","post","type-post","status-publish","format-standard","has-post-thumbnail","hentry","category-geral"],"_links":{"self":[{"href":"https:\/\/www.caririemacao.com\/1\/wp-json\/wp\/v2\/posts\/152979","targetHints":{"allow":["GET"]}}],"collection":[{"href":"https:\/\/www.caririemacao.com\/1\/wp-json\/wp\/v2\/posts"}],"about":[{"href":"https:\/\/www.caririemacao.com\/1\/wp-json\/wp\/v2\/types\/post"}],"author":[{"embeddable":true,"href":"https:\/\/www.caririemacao.com\/1\/wp-json\/wp\/v2\/users\/2"}],"replies":[{"embeddable":true,"href":"https:\/\/www.caririemacao.com\/1\/wp-json\/wp\/v2\/comments?post=152979"}],"version-history":[{"count":1,"href":"https:\/\/www.caririemacao.com\/1\/wp-json\/wp\/v2\/posts\/152979\/revisions"}],"predecessor-version":[{"id":152980,"href":"https:\/\/www.caririemacao.com\/1\/wp-json\/wp\/v2\/posts\/152979\/revisions\/152980"}],"wp:featuredmedia":[{"embeddable":true,"href":"https:\/\/www.caririemacao.com\/1\/wp-json\/wp\/v2\/media\/99257"}],"wp:attachment":[{"href":"https:\/\/www.caririemacao.com\/1\/wp-json\/wp\/v2\/media?parent=152979"}],"wp:term":[{"taxonomy":"category","embeddable":true,"href":"https:\/\/www.caririemacao.com\/1\/wp-json\/wp\/v2\/categories?post=152979"},{"taxonomy":"post_tag","embeddable":true,"href":"https:\/\/www.caririemacao.com\/1\/wp-json\/wp\/v2\/tags?post=152979"}],"curies":[{"name":"wp","href":"https:\/\/api.w.org\/{rel}","templated":true}]}}