{"id":152981,"date":"2020-02-12T10:39:53","date_gmt":"2020-02-12T13:39:53","guid":{"rendered":"http:\/\/www.caririemacao.com\/1\/?p=152981"},"modified":"2020-02-12T10:39:55","modified_gmt":"2020-02-12T13:39:55","slug":"criminosos-invadem-residencia-na-zona-rural-de-parari-fazem-familia-de-refem-e-roubam-veiculo-e-dinheiro","status":"publish","type":"post","link":"https:\/\/www.caririemacao.com\/1\/2020\/02\/12\/criminosos-invadem-residencia-na-zona-rural-de-parari-fazem-familia-de-refem-e-roubam-veiculo-e-dinheiro\/","title":{"rendered":"Criminosos invadem resid\u00eancia na zona rural de Parari, fazem fam\u00edlia de ref\u00e9m e roubam ve\u00edculo e dinheiro"},"content":{"rendered":"\n<p>Na manh\u00e3 desta quarta-feira(12) criminosos realizaram um assalto a uma resid\u00eancia no S\u00edtio Jaramataia, zona rural de Parari, Cariri da Para\u00edba, e provocaram o maior terror, deixando os membros da fam\u00edlia feitos de ref\u00e9ns.<\/p>\n\n\n\n<p>Segundo informa\u00e7\u00f5es exclusivas colhidas pelo Portal De Olho no Cariri, dois meliantes invadiram a resid\u00eancia do parariense Vandilo e j\u00e1 adentraram na casa anunciando o assalto. Os criminosos fizeram Vandilo e os filhos de ref\u00e9ns e em uma a\u00e7\u00e3o r\u00e1pida, levaram v\u00e1rios objetos, roupas, uma quantia em dinheiro ainda n\u00e3o informada, al\u00e9m do veiculo uma Hilux, na qual usaram para a fuga.<\/p>\n\n\n\n<p>Informa\u00e7\u00f5es d\u00e3o conta que mais pessoas possivelmente deram suporte para o assalto j\u00e1 que os assaltantes chegaram na resid\u00eancia a p\u00e9. Os criminosos fugiram sentido ao munic\u00edpio de S\u00e3o Jo\u00e3o do Cariri.<\/p>\n\n\n\n<p>Ap\u00f3s rondas realizadas pela PM, o ve\u00edculo Hilux foi encontrado nas proximidades de uma ponte na cidade de S\u00e3o Jo\u00e3o do Cariri.<\/p>\n\n\n\n<p>A pol\u00edcia Militar ainda faz dilig\u00eancias pela regi\u00e3o na tentativa de capturar os criminosos.<\/p>\n\n\n\n<p><strong>De Olho no Cariri<\/strong><\/p>\n","protected":false},"excerpt":{"rendered":"<p>Na manh\u00e3 desta quarta-feira(12) criminosos realizaram um assalto a uma resid\u00eancia no S\u00edtio Jaramataia, zona rural de Parari, Cariri da Para\u00edba, e provocaram o maior&hellip; <\/p>\n","protected":false},"author":2,"featured_media":88728,"comment_status":"closed","ping_status":"closed","sticky":false,"template":"","format":"standard","meta":{"sfsi_plus_gutenberg_text_before_share":"","sfsi_plus_gutenberg_show_text_before_share":"","sfsi_plus_gutenberg_icon_type":"","sfsi_plus_gutenberg_icon_alignemt":"","sfsi_plus_gutenburg_max_per_row":"","footnotes":""},"categories":[12],"tags":[],"class_list":["post-152981","post","type-post","status-publish","format-standard","has-post-thumbnail","hentry","category-policia"],"_links":{"self":[{"href":"https:\/\/www.caririemacao.com\/1\/wp-json\/wp\/v2\/posts\/152981","targetHints":{"allow":["GET"]}}],"collection":[{"href":"https:\/\/www.caririemacao.com\/1\/wp-json\/wp\/v2\/posts"}],"about":[{"href":"https:\/\/www.caririemacao.com\/1\/wp-json\/wp\/v2\/types\/post"}],"author":[{"embeddable":true,"href":"https:\/\/www.caririemacao.com\/1\/wp-json\/wp\/v2\/users\/2"}],"replies":[{"embeddable":true,"href":"https:\/\/www.caririemacao.com\/1\/wp-json\/wp\/v2\/comments?post=152981"}],"version-history":[{"count":1,"href":"https:\/\/www.caririemacao.com\/1\/wp-json\/wp\/v2\/posts\/152981\/revisions"}],"predecessor-version":[{"id":152982,"href":"https:\/\/www.caririemacao.com\/1\/wp-json\/wp\/v2\/posts\/152981\/revisions\/152982"}],"wp:featuredmedia":[{"embeddable":true,"href":"https:\/\/www.caririemacao.com\/1\/wp-json\/wp\/v2\/media\/88728"}],"wp:attachment":[{"href":"https:\/\/www.caririemacao.com\/1\/wp-json\/wp\/v2\/media?parent=152981"}],"wp:term":[{"taxonomy":"category","embeddable":true,"href":"https:\/\/www.caririemacao.com\/1\/wp-json\/wp\/v2\/categories?post=152981"},{"taxonomy":"post_tag","embeddable":true,"href":"https:\/\/www.caririemacao.com\/1\/wp-json\/wp\/v2\/tags?post=152981"}],"curies":[{"name":"wp","href":"https:\/\/api.w.org\/{rel}","templated":true}]}}