{"id":152984,"date":"2020-02-12T10:43:51","date_gmt":"2020-02-12T13:43:51","guid":{"rendered":"http:\/\/www.caririemacao.com\/1\/?p=152984"},"modified":"2020-02-12T10:43:53","modified_gmt":"2020-02-12T13:43:53","slug":"joao-azevedo-discute-obras-de-saneamento-e-sistemas-de-distribuicao-de-gas-no-forum-dos-governadores-do-nordeste","status":"publish","type":"post","link":"https:\/\/www.caririemacao.com\/1\/2020\/02\/12\/joao-azevedo-discute-obras-de-saneamento-e-sistemas-de-distribuicao-de-gas-no-forum-dos-governadores-do-nordeste\/","title":{"rendered":"Jo\u00e3o Azev\u00eado discute obras de saneamento e sistemas de distribui\u00e7\u00e3o de g\u00e1s no F\u00f3rum dos Governadores do Nordeste"},"content":{"rendered":"\n<p>O governador Jo\u00e3o Azev\u00eado participou, nesta ter\u00e7a-feira (11), em Bras\u00edlia, da primeira reuni\u00e3o deste ano do F\u00f3rum dos Governadores do Nordeste. O encontro ocorreu no escrit\u00f3rio do Cons\u00f3rcio Interestadual de Desenvolvimento Sustent\u00e1vel do Nordeste (Cons\u00f3rcio Nordeste) na Capital Federal, inaugurado hoje, em evento prestigiado por parlamentares, embaixadores e investidores.<\/p>\n\n\n\n<p>Na oportunidade, os gestores discutiram temas relacionados aos sistemas de distribui\u00e7\u00e3o de g\u00e1s e saneamento b\u00e1sico, al\u00e9m da pauta da viagem \u00e0 Espanha, que est\u00e1 prevista para ocorrer no m\u00eas de mar\u00e7o.<\/p>\n\n\n\n<p>&nbsp;\u201cO Cons\u00f3rcio, agora de forma consolidada, tem um espa\u00e7o para reuni\u00f5es e para acompanhar os pleitos dos nove governadores da Regi\u00e3o em Bras\u00edlia. O espa\u00e7o ficou extraordin\u00e1rio e vamos ter um local de apoio importante para continuar trabalhando, visando o fortalecimento do Nordeste\u201d, observou o governador Jo\u00e3o Azev\u00eado.<\/p>\n\n\n\n<p>Ele tamb\u00e9m destacou a import\u00e2ncia do Cons\u00f3rcio Nordeste para a busca de solu\u00e7\u00f5es voltadas ao desenvolvimento do Brasil. \u201cHoje, em Bras\u00edlia, tivemos em todas as reuni\u00f5es, a demonstra\u00e7\u00e3o clara de que a representatividade do Cons\u00f3rcio se consolida cada vez mais. Um exemplo disso foi a reuni\u00e3o que tivemos com o presidente do STF, Dias Toffoli, em que encaminhamos propostas que sa\u00edram do Cons\u00f3rcio Nordeste para solucionar o problema dos royalties de petr\u00f3leo, que est\u00e1 h\u00e1 anos sem solu\u00e7\u00e3o, bem como do Sal\u00e1rio-Educa\u00e7\u00e3o. N\u00f3s queremos ser para todas as regi\u00f5es exemplo de unidade, que \u00e9 nossa marca maior, e eu espero que essa constru\u00e7\u00e3o, seja feita n\u00e3o s\u00f3 pelos nove governadores do Nordeste, mas por todos aqueles que acreditam em um Brasil melhor, visando \u00e0 inclus\u00e3o social\u201d, pontuou.<\/p>\n\n\n\n<p>O Cons\u00f3rcio Nordeste atua em \u00e1reas como o desenvolvimento econ\u00f4mico, infraestrutura, meio ambiente, articula\u00e7\u00e3o pol\u00edtica e jur\u00eddico-institucional, desenvolvimento social, ci\u00eancia, tecnologia e inova\u00e7\u00e3o, seguran\u00e7a p\u00fablica e administra\u00e7\u00e3o penitenci\u00e1ria, desenvolvimento da gest\u00e3o e comunica\u00e7\u00e3o p\u00fablica e estatal para atender mais de 57,1 milh\u00f5es de habitantes, respons\u00e1veis por 14,3% do PIB do Brasil.<\/p>\n\n\n\n<p>No ano passado, os governadores do Nordeste realizaram a primeira miss\u00e3o internacional do Cons\u00f3rcio na Fran\u00e7a, Alemanha e It\u00e1lia, oportunidade em que apresentaram os potenciais econ\u00f4micos da regi\u00e3o e viabilizaram novas agendas de trabalho com investidores europeus.<\/p>\n","protected":false},"excerpt":{"rendered":"<p>O governador Jo\u00e3o Azev\u00eado participou, nesta ter\u00e7a-feira (11), em Bras\u00edlia, da primeira reuni\u00e3o deste ano do F\u00f3rum dos Governadores do Nordeste. O encontro ocorreu no&hellip; <\/p>\n","protected":false},"author":2,"featured_media":152985,"comment_status":"closed","ping_status":"closed","sticky":false,"template":"","format":"standard","meta":{"sfsi_plus_gutenberg_text_before_share":"","sfsi_plus_gutenberg_show_text_before_share":"","sfsi_plus_gutenberg_icon_type":"","sfsi_plus_gutenberg_icon_alignemt":"","sfsi_plus_gutenburg_max_per_row":"","footnotes":""},"categories":[2],"tags":[],"class_list":["post-152984","post","type-post","status-publish","format-standard","has-post-thumbnail","hentry","category-geral"],"_links":{"self":[{"href":"https:\/\/www.caririemacao.com\/1\/wp-json\/wp\/v2\/posts\/152984","targetHints":{"allow":["GET"]}}],"collection":[{"href":"https:\/\/www.caririemacao.com\/1\/wp-json\/wp\/v2\/posts"}],"about":[{"href":"https:\/\/www.caririemacao.com\/1\/wp-json\/wp\/v2\/types\/post"}],"author":[{"embeddable":true,"href":"https:\/\/www.caririemacao.com\/1\/wp-json\/wp\/v2\/users\/2"}],"replies":[{"embeddable":true,"href":"https:\/\/www.caririemacao.com\/1\/wp-json\/wp\/v2\/comments?post=152984"}],"version-history":[{"count":1,"href":"https:\/\/www.caririemacao.com\/1\/wp-json\/wp\/v2\/posts\/152984\/revisions"}],"predecessor-version":[{"id":152986,"href":"https:\/\/www.caririemacao.com\/1\/wp-json\/wp\/v2\/posts\/152984\/revisions\/152986"}],"wp:featuredmedia":[{"embeddable":true,"href":"https:\/\/www.caririemacao.com\/1\/wp-json\/wp\/v2\/media\/152985"}],"wp:attachment":[{"href":"https:\/\/www.caririemacao.com\/1\/wp-json\/wp\/v2\/media?parent=152984"}],"wp:term":[{"taxonomy":"category","embeddable":true,"href":"https:\/\/www.caririemacao.com\/1\/wp-json\/wp\/v2\/categories?post=152984"},{"taxonomy":"post_tag","embeddable":true,"href":"https:\/\/www.caririemacao.com\/1\/wp-json\/wp\/v2\/tags?post=152984"}],"curies":[{"name":"wp","href":"https:\/\/api.w.org\/{rel}","templated":true}]}}