{"id":152989,"date":"2020-02-12T11:12:58","date_gmt":"2020-02-12T14:12:58","guid":{"rendered":"http:\/\/www.caririemacao.com\/1\/?p=152989"},"modified":"2020-02-12T11:15:24","modified_gmt":"2020-02-12T14:15:24","slug":"o-gigante-do-cariri-prefeitura-de-camalau-divulga-programacao-do-carnaval-2020","status":"publish","type":"post","link":"https:\/\/www.caririemacao.com\/1\/2020\/02\/12\/o-gigante-do-cariri-prefeitura-de-camalau-divulga-programacao-do-carnaval-2020\/","title":{"rendered":"O GIGANTE DO CARIRI: Prefeitura de Camala\u00fa divulga programa\u00e7\u00e3o do Carnaval 2020"},"content":{"rendered":"\n<p>A Prefeitura de Camala\u00fa divulgou oficialmente a programa\u00e7\u00e3o do Carnaval Solid\u00e1rio deste ano. A programa\u00e7\u00e3o ter\u00e1 in\u00edcio na sexta-feira, dia 21 e finaliza na quarta-feira, dia 26.<\/p>\n\n\n\n<p>Na sexta-feira, dia 21, no Centro Integrado de Educa\u00e7\u00e3o e\nCultura, \u00e0s 16h acontece o Grito de Carnaval da Secretaria de Trabalho e A\u00e7\u00e3o\nSocial Orquestra de Frevo. <\/p>\n\n\n\n<p>No s\u00e1bado, dia 22, a partir das 15h, na Avenida S\u00e3o Jos\u00e9 haver\u00e1\no Carnaval do Magno Supermercado com Fubinha El\u00e9trico e \u00e0s 18h, show com\nDorgivan de Brito; <\/p>\n\n\n\n<p>Ainda no s\u00e1bado, dia 22, na Pra\u00e7a de Eventos, \u00e0s 21h, acontece\nAbertura Oficial e shows com Bira e Divertere e na sequ\u00eancia Rom\u00e1rio Pared\u00e3o.<\/p>\n\n\n\n<p>J\u00e1 no domingo, dia 23, inicia a programa\u00e7\u00e3o no Balne\u00e1rio\nP\u00fablica a partir das 12:00 com Rafa Top, Dj. Marc\u00edlio e Novo Som Mix. E a\nnoite, na Pra\u00e7a de Eventos, a partir das 20:30 &#8211; Bloco das Virgens e show com\nDorgivan de Brito.<\/p>\n\n\n\n<p>Na segunda-feira, dia 24, no Balne\u00e1rio P\u00fablico shows com Cezinha Atrevido e Bedeu Quirino. J\u00e1 no distrito do Pindur\u00e3o \u00e0s 14h shows com Fubinha El\u00e9trico e Yure Tornado. E para encerra a segunda-feira de carnaval, na Pra\u00e7a de eventos, \u00e0s 21h, os foli\u00f5es ir\u00e3o curtir Claudenir Fernandes.<\/p>\n\n\n\n<p>Na ter\u00e7a-feira, dia 25, no Balne\u00e1rio P\u00fablico, a partir das 12h,\nAlisson Levado, Dod\u00f4 Press\u00e3o e a Pisada de Bar\u00e3o. <\/p>\n\n\n\n<p>Dando continuidade a ter\u00e7a-feira de carnaval, j\u00e1 na Pra\u00e7a de Eventos, \u00e0s 20h, a apresenta\u00e7\u00e3o do tradicional Bloco da Saudade e encerrando com show de Patr\u00f5es El\u00e9trico. <\/p>\n\n\n\n<figure class=\"wp-block-image size-large\"><img fetchpriority=\"high\" decoding=\"async\" width=\"1024\" height=\"683\" src=\"http:\/\/www.caririemacao.com\/1\/wp-content\/uploads\/2020\/02\/DSC_0124-1024x683.jpg\" alt=\"\" class=\"wp-image-152997\" srcset=\"https:\/\/www.caririemacao.com\/1\/wp-content\/uploads\/2020\/02\/DSC_0124-1024x683.jpg 1024w, https:\/\/www.caririemacao.com\/1\/wp-content\/uploads\/2020\/02\/DSC_0124-300x200.jpg 300w, https:\/\/www.caririemacao.com\/1\/wp-content\/uploads\/2020\/02\/DSC_0124-768x512.jpg 768w, https:\/\/www.caririemacao.com\/1\/wp-content\/uploads\/2020\/02\/DSC_0124-1536x1024.jpg 1536w, https:\/\/www.caririemacao.com\/1\/wp-content\/uploads\/2020\/02\/DSC_0124-2048x1365.jpg 2048w\" sizes=\"(max-width: 1024px) 100vw, 1024px\" \/><\/figure>\n\n\n\n<p>O prefeito Sandro M\u00f4co lembrou que a programa\u00e7\u00e3o encerra na quarta-feira, com a Festa dos Barraqueiros no Balne\u00e1rio P\u00fablico, a partir das 12h com a Farra da Galera e Fubinha El\u00e9trico.<\/p>\n\n\n\n<p>Lembrando que a programa\u00e7\u00e3o \u00e9 realizada pela Prefeitura de\nCamala\u00fa que vem inovando no Carnaval e na estrutura para oferecer mais conforto\nas pessoas que v\u00e3o curtir o carnaval na cidade.<\/p>\n","protected":false},"excerpt":{"rendered":"<p>A Prefeitura de Camala\u00fa divulgou oficialmente a programa\u00e7\u00e3o do Carnaval Solid\u00e1rio deste ano. A programa\u00e7\u00e3o ter\u00e1 in\u00edcio na sexta-feira, dia 21 e finaliza na quarta-feira,&hellip; <\/p>\n","protected":false},"author":1,"featured_media":152994,"comment_status":"closed","ping_status":"closed","sticky":false,"template":"","format":"standard","meta":{"sfsi_plus_gutenberg_text_before_share":"","sfsi_plus_gutenberg_show_text_before_share":"","sfsi_plus_gutenberg_icon_type":"","sfsi_plus_gutenberg_icon_alignemt":"","sfsi_plus_gutenburg_max_per_row":"","footnotes":""},"categories":[6,50],"tags":[],"class_list":["post-152989","post","type-post","status-publish","format-standard","has-post-thumbnail","hentry","category-cidades","category-destaque"],"_links":{"self":[{"href":"https:\/\/www.caririemacao.com\/1\/wp-json\/wp\/v2\/posts\/152989","targetHints":{"allow":["GET"]}}],"collection":[{"href":"https:\/\/www.caririemacao.com\/1\/wp-json\/wp\/v2\/posts"}],"about":[{"href":"https:\/\/www.caririemacao.com\/1\/wp-json\/wp\/v2\/types\/post"}],"author":[{"embeddable":true,"href":"https:\/\/www.caririemacao.com\/1\/wp-json\/wp\/v2\/users\/1"}],"replies":[{"embeddable":true,"href":"https:\/\/www.caririemacao.com\/1\/wp-json\/wp\/v2\/comments?post=152989"}],"version-history":[{"count":2,"href":"https:\/\/www.caririemacao.com\/1\/wp-json\/wp\/v2\/posts\/152989\/revisions"}],"predecessor-version":[{"id":152999,"href":"https:\/\/www.caririemacao.com\/1\/wp-json\/wp\/v2\/posts\/152989\/revisions\/152999"}],"wp:featuredmedia":[{"embeddable":true,"href":"https:\/\/www.caririemacao.com\/1\/wp-json\/wp\/v2\/media\/152994"}],"wp:attachment":[{"href":"https:\/\/www.caririemacao.com\/1\/wp-json\/wp\/v2\/media?parent=152989"}],"wp:term":[{"taxonomy":"category","embeddable":true,"href":"https:\/\/www.caririemacao.com\/1\/wp-json\/wp\/v2\/categories?post=152989"},{"taxonomy":"post_tag","embeddable":true,"href":"https:\/\/www.caririemacao.com\/1\/wp-json\/wp\/v2\/tags?post=152989"}],"curies":[{"name":"wp","href":"https:\/\/api.w.org\/{rel}","templated":true}]}}