{"id":153001,"date":"2020-02-12T11:38:41","date_gmt":"2020-02-12T14:38:41","guid":{"rendered":"http:\/\/www.caririemacao.com\/1\/?p=153001"},"modified":"2020-02-12T11:38:42","modified_gmt":"2020-02-12T14:38:42","slug":"tce-aprova-as-contas-do-prefeito-de-caraubas","status":"publish","type":"post","link":"https:\/\/www.caririemacao.com\/1\/2020\/02\/12\/tce-aprova-as-contas-do-prefeito-de-caraubas\/","title":{"rendered":"TCE aprova as contas do prefeito de Cara\u00fabas"},"content":{"rendered":"\n<p>O Tribunal de Contas do Estado da Para\u00edba (TCE) analisou em sess\u00e3o ordin\u00e1ria, nesta quarta-feira (14), as contas da Prefeitura Municipal de Cara\u00fabas, exerc\u00edcio de 2018.<\/p>\n\n\n\n<p>As contas foram aprovadas\npor unanimidade e foi acompanhada pelo contador Joilto, pelo advogado Dr.\nLeonardo e pelo prefeito Silvano Dudu.<\/p>\n\n\n\n<p>Ap\u00f3s a aprova\u00e7\u00e3o, o gestor\ncaraubense comemorou o feito, reafirmando compromisso e o equil\u00edbrio de sua\nadministra\u00e7\u00e3o. \u201cAgrade\u00e7o o empenho da minha equipe que vem fazendo com nossa\ncidade cres\u00e7a, sempre zelando o er\u00e1rio p\u00fablico, buscando fazer o melhor para\nnosso povo\u201d, comemorou.<\/p>\n","protected":false},"excerpt":{"rendered":"<p>O Tribunal de Contas do Estado da Para\u00edba (TCE) analisou em sess\u00e3o ordin\u00e1ria, nesta quarta-feira (14), as contas da Prefeitura Municipal de Cara\u00fabas, exerc\u00edcio de&hellip; <\/p>\n","protected":false},"author":1,"featured_media":153002,"comment_status":"closed","ping_status":"closed","sticky":false,"template":"","format":"standard","meta":{"sfsi_plus_gutenberg_text_before_share":"","sfsi_plus_gutenberg_show_text_before_share":"","sfsi_plus_gutenberg_icon_type":"","sfsi_plus_gutenberg_icon_alignemt":"","sfsi_plus_gutenburg_max_per_row":"","footnotes":""},"categories":[6,50],"tags":[],"class_list":["post-153001","post","type-post","status-publish","format-standard","has-post-thumbnail","hentry","category-cidades","category-destaque"],"_links":{"self":[{"href":"https:\/\/www.caririemacao.com\/1\/wp-json\/wp\/v2\/posts\/153001","targetHints":{"allow":["GET"]}}],"collection":[{"href":"https:\/\/www.caririemacao.com\/1\/wp-json\/wp\/v2\/posts"}],"about":[{"href":"https:\/\/www.caririemacao.com\/1\/wp-json\/wp\/v2\/types\/post"}],"author":[{"embeddable":true,"href":"https:\/\/www.caririemacao.com\/1\/wp-json\/wp\/v2\/users\/1"}],"replies":[{"embeddable":true,"href":"https:\/\/www.caririemacao.com\/1\/wp-json\/wp\/v2\/comments?post=153001"}],"version-history":[{"count":1,"href":"https:\/\/www.caririemacao.com\/1\/wp-json\/wp\/v2\/posts\/153001\/revisions"}],"predecessor-version":[{"id":153003,"href":"https:\/\/www.caririemacao.com\/1\/wp-json\/wp\/v2\/posts\/153001\/revisions\/153003"}],"wp:featuredmedia":[{"embeddable":true,"href":"https:\/\/www.caririemacao.com\/1\/wp-json\/wp\/v2\/media\/153002"}],"wp:attachment":[{"href":"https:\/\/www.caririemacao.com\/1\/wp-json\/wp\/v2\/media?parent=153001"}],"wp:term":[{"taxonomy":"category","embeddable":true,"href":"https:\/\/www.caririemacao.com\/1\/wp-json\/wp\/v2\/categories?post=153001"},{"taxonomy":"post_tag","embeddable":true,"href":"https:\/\/www.caririemacao.com\/1\/wp-json\/wp\/v2\/tags?post=153001"}],"curies":[{"name":"wp","href":"https:\/\/api.w.org\/{rel}","templated":true}]}}