{"id":153006,"date":"2020-02-12T12:38:50","date_gmt":"2020-02-12T15:38:50","guid":{"rendered":"http:\/\/www.caririemacao.com\/1\/?p=153006"},"modified":"2020-02-12T12:38:52","modified_gmt":"2020-02-12T15:38:52","slug":"crescer-2020-oferece-espaco-para-criancas-em-encontro-catolico-durante-carnaval-da-paz","status":"publish","type":"post","link":"https:\/\/www.caririemacao.com\/1\/2020\/02\/12\/crescer-2020-oferece-espaco-para-criancas-em-encontro-catolico-durante-carnaval-da-paz\/","title":{"rendered":"Crescer 2020 oferece espa\u00e7o para crian\u00e7as em encontro cat\u00f3lico durante Carnaval da Paz"},"content":{"rendered":"\n<p>O Crescer 2020 vai realizar nesta 23\u00aa edi\u00e7\u00e3o, assim como em anos anteriores, o Crescer com as Crian\u00e7as. Dedicado a crian\u00e7as dos 4 aos 12 anos de idade, pelo menos cerca de 1200 s\u00e3o esperadas nos tr\u00eas dias do Encontro da Fam\u00edlia Cat\u00f3lica, realizado pela Comunidade de S\u00e3o Pio X, da Diocese de Campina Grande, que acontece este ano nos dias 23, 24 e 25 de fevereiro no Spazzio, em Campina Grande.<\/p>\n\n\n\n<div class=\"wp-block-image\"><figure class=\"alignright\"><img decoding=\"async\" data-src=\"http:\/\/deolhonocariri.com.br\/wp-content\/uploads\/2020\/02\/crescer_crian%C3%A7as.jpeg\" alt=\"\" class=\"wp-image-77821 lazyload\" src=\"data:image\/svg+xml;base64,PHN2ZyB3aWR0aD0iMSIgaGVpZ2h0PSIxIiB4bWxucz0iaHR0cDovL3d3dy53My5vcmcvMjAwMC9zdmciPjwvc3ZnPg==\" \/><\/figure><\/div>\n\n\n\n<p>O Crescer com as Crian\u00e7as integra as crian\u00e7as \u00e0s atividades do Crescer e as acolhe para que os pais possam participar do encontro. No espa\u00e7o s\u00e3o realizadas din\u00e2micas, brincadeiras, teatro, adora\u00e7\u00e3o ao Sant\u00edssimo Sacramento e momentos de louvor.<\/p>\n\n\n\n<p>Todas as atividades refletem o tema principal do Crescer 2020 \u2013 Fam\u00edlia, Buscai as Coisas do Alto \u2013 com o objetivo de incentivar a f\u00e9 cat\u00f3lica entre as crian\u00e7as.<\/p>\n\n\n\n<p>De acordo com o Coordenador do Crescer com as Crian\u00e7as, Cristiano Raposo, no momento em que as crian\u00e7as s\u00e3o acolhidas \u00e9 feito um cadastramento pr\u00e9vio com nome da crian\u00e7a, documenta\u00e7\u00e3o, nomes dos pais ou respons\u00e1veis e telefone para contato.<\/p>\n\n\n\n<p>A crian\u00e7a e os pais recebem, cada um, uma pulseira de identifica\u00e7\u00e3o. O local \u00e9 fechado e oferece seguran\u00e7a para as crian\u00e7as e ambiente climatizado, al\u00e9m do apoio de 30 volunt\u00e1rios.<\/p>\n","protected":false},"excerpt":{"rendered":"<p>O Crescer 2020 vai realizar nesta 23\u00aa edi\u00e7\u00e3o, assim como em anos anteriores, o Crescer com as Crian\u00e7as. Dedicado a crian\u00e7as dos 4 aos 12&hellip; <\/p>\n","protected":false},"author":2,"featured_media":153007,"comment_status":"closed","ping_status":"closed","sticky":false,"template":"","format":"standard","meta":{"sfsi_plus_gutenberg_text_before_share":"","sfsi_plus_gutenberg_show_text_before_share":"","sfsi_plus_gutenberg_icon_type":"","sfsi_plus_gutenberg_icon_alignemt":"","sfsi_plus_gutenburg_max_per_row":"","footnotes":""},"categories":[2],"tags":[],"class_list":["post-153006","post","type-post","status-publish","format-standard","has-post-thumbnail","hentry","category-geral"],"_links":{"self":[{"href":"https:\/\/www.caririemacao.com\/1\/wp-json\/wp\/v2\/posts\/153006","targetHints":{"allow":["GET"]}}],"collection":[{"href":"https:\/\/www.caririemacao.com\/1\/wp-json\/wp\/v2\/posts"}],"about":[{"href":"https:\/\/www.caririemacao.com\/1\/wp-json\/wp\/v2\/types\/post"}],"author":[{"embeddable":true,"href":"https:\/\/www.caririemacao.com\/1\/wp-json\/wp\/v2\/users\/2"}],"replies":[{"embeddable":true,"href":"https:\/\/www.caririemacao.com\/1\/wp-json\/wp\/v2\/comments?post=153006"}],"version-history":[{"count":1,"href":"https:\/\/www.caririemacao.com\/1\/wp-json\/wp\/v2\/posts\/153006\/revisions"}],"predecessor-version":[{"id":153008,"href":"https:\/\/www.caririemacao.com\/1\/wp-json\/wp\/v2\/posts\/153006\/revisions\/153008"}],"wp:featuredmedia":[{"embeddable":true,"href":"https:\/\/www.caririemacao.com\/1\/wp-json\/wp\/v2\/media\/153007"}],"wp:attachment":[{"href":"https:\/\/www.caririemacao.com\/1\/wp-json\/wp\/v2\/media?parent=153006"}],"wp:term":[{"taxonomy":"category","embeddable":true,"href":"https:\/\/www.caririemacao.com\/1\/wp-json\/wp\/v2\/categories?post=153006"},{"taxonomy":"post_tag","embeddable":true,"href":"https:\/\/www.caririemacao.com\/1\/wp-json\/wp\/v2\/tags?post=153006"}],"curies":[{"name":"wp","href":"https:\/\/api.w.org\/{rel}","templated":true}]}}