{"id":153012,"date":"2020-02-12T12:45:40","date_gmt":"2020-02-12T15:45:40","guid":{"rendered":"http:\/\/www.caririemacao.com\/1\/?p=153012"},"modified":"2020-02-12T12:45:41","modified_gmt":"2020-02-12T15:45:41","slug":"mercadinho-do-galego-dicas-para-suas-compras-de-carnaval","status":"publish","type":"post","link":"https:\/\/www.caririemacao.com\/1\/2020\/02\/12\/mercadinho-do-galego-dicas-para-suas-compras-de-carnaval\/","title":{"rendered":"Mercadinho do Galego: Dicas para suas compras de carnaval"},"content":{"rendered":"\n<p>A #DicaDaGente dessa semana est\u00e1 em clima de carnaval, confira aqui como voc\u00ea pode fazer para curtir esses dias sem muita preocupa\u00e7\u00e3o!<\/p>\n\n\n\n<p>Antecipe suas compras \u2013 N\u00e3o deixe para ir \u00e0s compras na \u00faltima hora, antecip\u00e1-las evita tumulto e grandes filas no mercado ou indisponibilidade no estoque.<\/p>\n\n\n\n<p>Carnaval requer muita hidrata\u00e7\u00e3o \u2013 Garanta seu estoque de \u00e1gua para aproveitar melhor a folia.<\/p>\n\n\n\n<p>Planeje sua alimenta\u00e7\u00e3o e tamb\u00e9m as bebidas que ir\u00e1 levar para o bloco \u2013 \u00c9 bem mais pr\u00e1tico e econ\u00f4mico, e aqui no Mercadinho do Galego garantimos o melhor pre\u00e7o para tornar o seu carnaval ainda melhor! <\/p>\n\n\n\n<p><\/p>\n\n\n\n<p><strong>Cariri em A\u00e7\u00e3o <\/strong><\/p>\n\n\n\n<p><\/p>\n","protected":false},"excerpt":{"rendered":"<p>A #DicaDaGente dessa semana est\u00e1 em clima de carnaval, confira aqui como voc\u00ea pode fazer para curtir esses dias sem muita preocupa\u00e7\u00e3o! Antecipe suas compras&hellip; <\/p>\n","protected":false},"author":2,"featured_media":153013,"comment_status":"closed","ping_status":"closed","sticky":false,"template":"","format":"standard","meta":{"sfsi_plus_gutenberg_text_before_share":"","sfsi_plus_gutenberg_show_text_before_share":"","sfsi_plus_gutenberg_icon_type":"","sfsi_plus_gutenberg_icon_alignemt":"","sfsi_plus_gutenburg_max_per_row":"","footnotes":""},"categories":[2],"tags":[],"class_list":["post-153012","post","type-post","status-publish","format-standard","has-post-thumbnail","hentry","category-geral"],"_links":{"self":[{"href":"https:\/\/www.caririemacao.com\/1\/wp-json\/wp\/v2\/posts\/153012","targetHints":{"allow":["GET"]}}],"collection":[{"href":"https:\/\/www.caririemacao.com\/1\/wp-json\/wp\/v2\/posts"}],"about":[{"href":"https:\/\/www.caririemacao.com\/1\/wp-json\/wp\/v2\/types\/post"}],"author":[{"embeddable":true,"href":"https:\/\/www.caririemacao.com\/1\/wp-json\/wp\/v2\/users\/2"}],"replies":[{"embeddable":true,"href":"https:\/\/www.caririemacao.com\/1\/wp-json\/wp\/v2\/comments?post=153012"}],"version-history":[{"count":1,"href":"https:\/\/www.caririemacao.com\/1\/wp-json\/wp\/v2\/posts\/153012\/revisions"}],"predecessor-version":[{"id":153014,"href":"https:\/\/www.caririemacao.com\/1\/wp-json\/wp\/v2\/posts\/153012\/revisions\/153014"}],"wp:featuredmedia":[{"embeddable":true,"href":"https:\/\/www.caririemacao.com\/1\/wp-json\/wp\/v2\/media\/153013"}],"wp:attachment":[{"href":"https:\/\/www.caririemacao.com\/1\/wp-json\/wp\/v2\/media?parent=153012"}],"wp:term":[{"taxonomy":"category","embeddable":true,"href":"https:\/\/www.caririemacao.com\/1\/wp-json\/wp\/v2\/categories?post=153012"},{"taxonomy":"post_tag","embeddable":true,"href":"https:\/\/www.caririemacao.com\/1\/wp-json\/wp\/v2\/tags?post=153012"}],"curies":[{"name":"wp","href":"https:\/\/api.w.org\/{rel}","templated":true}]}}