{"id":153017,"date":"2020-02-12T12:55:06","date_gmt":"2020-02-12T15:55:06","guid":{"rendered":"http:\/\/www.caririemacao.com\/1\/?p=153017"},"modified":"2020-02-12T12:58:26","modified_gmt":"2020-02-12T15:58:26","slug":"prefeitura-de-caraubas-divulga-programacao-oficial-do-carnaval-de-2020","status":"publish","type":"post","link":"https:\/\/www.caririemacao.com\/1\/2020\/02\/12\/prefeitura-de-caraubas-divulga-programacao-oficial-do-carnaval-de-2020\/","title":{"rendered":"Prefeitura de Cara\u00fabas divulga programa\u00e7\u00e3o oficial do Carnaval de 2020"},"content":{"rendered":"\n<p>A Prefeitura de Cara\u00fabas divulgou na manh\u00e3 desta quarta-feira, 12, a programa\u00e7\u00e3o oficial do Carnaval deste ano. A programa\u00e7\u00e3o ter\u00e1 in\u00edcio no s\u00e1bado, dia 22 e finaliza na ter\u00e7a-feira, dia 25. <\/p>\n\n\n\n<p><br>A programa\u00e7\u00e3o ser\u00e1 do dia 22 a 25 de Fevereiro, em Pra\u00e7a P\u00fablica. Com as seguintes atra\u00e7\u00f5es:<br> 22\/02 &#8211; Bedeu Quirino e Gil Camargo<br> 23\/02-Cezinha, Feiti\u00e7o de Menina e Gil Camargo<br> 24\/02 &#8211; Alisson Levado e Gil Camargo<br> 25\/02 &#8211; Bira El\u00e9trico e Gil Camargo<br> <\/p>\n\n\n\n<p><\/p>\n","protected":false},"excerpt":{"rendered":"<p>A Prefeitura de Cara\u00fabas divulgou na manh\u00e3 desta quarta-feira, 12, a programa\u00e7\u00e3o oficial do Carnaval deste ano. A programa\u00e7\u00e3o ter\u00e1 in\u00edcio no s\u00e1bado, dia 22&hellip; <\/p>\n","protected":false},"author":1,"featured_media":153020,"comment_status":"closed","ping_status":"closed","sticky":false,"template":"","format":"standard","meta":{"sfsi_plus_gutenberg_text_before_share":"","sfsi_plus_gutenberg_show_text_before_share":"","sfsi_plus_gutenberg_icon_type":"","sfsi_plus_gutenberg_icon_alignemt":"","sfsi_plus_gutenburg_max_per_row":"","footnotes":""},"categories":[6,50],"tags":[],"class_list":["post-153017","post","type-post","status-publish","format-standard","has-post-thumbnail","hentry","category-cidades","category-destaque"],"_links":{"self":[{"href":"https:\/\/www.caririemacao.com\/1\/wp-json\/wp\/v2\/posts\/153017","targetHints":{"allow":["GET"]}}],"collection":[{"href":"https:\/\/www.caririemacao.com\/1\/wp-json\/wp\/v2\/posts"}],"about":[{"href":"https:\/\/www.caririemacao.com\/1\/wp-json\/wp\/v2\/types\/post"}],"author":[{"embeddable":true,"href":"https:\/\/www.caririemacao.com\/1\/wp-json\/wp\/v2\/users\/1"}],"replies":[{"embeddable":true,"href":"https:\/\/www.caririemacao.com\/1\/wp-json\/wp\/v2\/comments?post=153017"}],"version-history":[{"count":2,"href":"https:\/\/www.caririemacao.com\/1\/wp-json\/wp\/v2\/posts\/153017\/revisions"}],"predecessor-version":[{"id":153021,"href":"https:\/\/www.caririemacao.com\/1\/wp-json\/wp\/v2\/posts\/153017\/revisions\/153021"}],"wp:featuredmedia":[{"embeddable":true,"href":"https:\/\/www.caririemacao.com\/1\/wp-json\/wp\/v2\/media\/153020"}],"wp:attachment":[{"href":"https:\/\/www.caririemacao.com\/1\/wp-json\/wp\/v2\/media?parent=153017"}],"wp:term":[{"taxonomy":"category","embeddable":true,"href":"https:\/\/www.caririemacao.com\/1\/wp-json\/wp\/v2\/categories?post=153017"},{"taxonomy":"post_tag","embeddable":true,"href":"https:\/\/www.caririemacao.com\/1\/wp-json\/wp\/v2\/tags?post=153017"}],"curies":[{"name":"wp","href":"https:\/\/api.w.org\/{rel}","templated":true}]}}