{"id":153023,"date":"2020-02-12T13:32:11","date_gmt":"2020-02-12T16:32:11","guid":{"rendered":"http:\/\/www.caririemacao.com\/1\/?p=153023"},"modified":"2020-02-12T13:32:13","modified_gmt":"2020-02-12T16:32:13","slug":"inss-oficializa-novo-piso-e-aumento-de-todos-os-beneficios","status":"publish","type":"post","link":"https:\/\/www.caririemacao.com\/1\/2020\/02\/12\/inss-oficializa-novo-piso-e-aumento-de-todos-os-beneficios\/","title":{"rendered":"INSS oficializa novo piso e aumento de todos os benef\u00edcios"},"content":{"rendered":"\n<p>A Previd\u00eancia oficializou nesta ter\u00e7a-feira (11) o aumento de R$ 6 no piso dos benef\u00edcios pagos pelo INSS que ser\u00e3o depositados a partir da folha de pagamentos de fevereiro, conforme portaria publicada no \u201cDi\u00e1rio Oficial da Uni\u00e3o\u201d.<\/p>\n\n\n\n<p>Com isso, os benef\u00edcios que come\u00e7am a ser depositados a partir da pr\u00f3xima quarta-feira (19) n\u00e3o poder\u00e3o ser inferiores ao novo sal\u00e1rio m\u00ednimo de R$ 1.045.<\/p>\n\n\n\n<p>Na folha de janeiro, aposentadorias, pens\u00f5es por morte e quaisquer benef\u00edcios que, em 2019, correspondiam ao piso salarial de R$ 998 tinham sido ajustadas para R$ 1.039.<\/p>\n\n\n\n<p>O governo de Jair Bolsonaro decidiu atualizar o valor do sal\u00e1rio m\u00ednimo ap\u00f3s o IBGE divulgar que o INPC (\u00cdndice Nacional de Pre\u00e7os ao Consumidor) havia fechado 2019 em 4,48%, acima dos 4,1% aplicados pelo governo ao corrigir o piso.<\/p>\n\n\n\n<p>O INPC \u00e9 o \u00edndice oficial de infla\u00e7\u00e3o para reajustes de benef\u00edcios previdenci\u00e1rios e a atualiza\u00e7\u00e3o do piso com valor inferior poderia ser considerada inconstitucional.<\/p>\n\n\n\n<p>A portaria publicada nesta ter\u00e7a tamb\u00e9m reafirmou o reajuste de 4,48% para benef\u00edcios acima do piso, assim como o novo teto previdenci\u00e1rio de R$ 6.101,06,&nbsp;valor m\u00e1ximo que um benefici\u00e1rio da Previd\u00eancia poder\u00e1 receber em 2020.<\/p>\n\n\n\n<p>Tamb\u00e9m foram confirmados os valores de atualiza\u00e7\u00e3o proporcional de benef\u00edcios concedidos ao longo de 2019.<\/p>\n\n\n\n<p>Essa reposi\u00e7\u00e3o proporcional varia de 1,22%, que ser\u00e1 o reajuste aplicado \u00e0s rendas concedidas em dezembro, at\u00e9 4,48%, para quem se tornou benefici\u00e1rio em janeiro ou antes.<\/p>\n","protected":false},"excerpt":{"rendered":"<p>A Previd\u00eancia oficializou nesta ter\u00e7a-feira (11) o aumento de R$ 6 no piso dos benef\u00edcios pagos pelo INSS que ser\u00e3o depositados a partir da folha&hellip; <\/p>\n","protected":false},"author":2,"featured_media":146748,"comment_status":"closed","ping_status":"closed","sticky":false,"template":"","format":"standard","meta":{"sfsi_plus_gutenberg_text_before_share":"","sfsi_plus_gutenberg_show_text_before_share":"","sfsi_plus_gutenberg_icon_type":"","sfsi_plus_gutenberg_icon_alignemt":"","sfsi_plus_gutenburg_max_per_row":"","footnotes":""},"categories":[2],"tags":[],"class_list":["post-153023","post","type-post","status-publish","format-standard","has-post-thumbnail","hentry","category-geral"],"_links":{"self":[{"href":"https:\/\/www.caririemacao.com\/1\/wp-json\/wp\/v2\/posts\/153023","targetHints":{"allow":["GET"]}}],"collection":[{"href":"https:\/\/www.caririemacao.com\/1\/wp-json\/wp\/v2\/posts"}],"about":[{"href":"https:\/\/www.caririemacao.com\/1\/wp-json\/wp\/v2\/types\/post"}],"author":[{"embeddable":true,"href":"https:\/\/www.caririemacao.com\/1\/wp-json\/wp\/v2\/users\/2"}],"replies":[{"embeddable":true,"href":"https:\/\/www.caririemacao.com\/1\/wp-json\/wp\/v2\/comments?post=153023"}],"version-history":[{"count":1,"href":"https:\/\/www.caririemacao.com\/1\/wp-json\/wp\/v2\/posts\/153023\/revisions"}],"predecessor-version":[{"id":153024,"href":"https:\/\/www.caririemacao.com\/1\/wp-json\/wp\/v2\/posts\/153023\/revisions\/153024"}],"wp:featuredmedia":[{"embeddable":true,"href":"https:\/\/www.caririemacao.com\/1\/wp-json\/wp\/v2\/media\/146748"}],"wp:attachment":[{"href":"https:\/\/www.caririemacao.com\/1\/wp-json\/wp\/v2\/media?parent=153023"}],"wp:term":[{"taxonomy":"category","embeddable":true,"href":"https:\/\/www.caririemacao.com\/1\/wp-json\/wp\/v2\/categories?post=153023"},{"taxonomy":"post_tag","embeddable":true,"href":"https:\/\/www.caririemacao.com\/1\/wp-json\/wp\/v2\/tags?post=153023"}],"curies":[{"name":"wp","href":"https:\/\/api.w.org\/{rel}","templated":true}]}}