{"id":153029,"date":"2020-02-12T14:02:36","date_gmt":"2020-02-12T17:02:36","guid":{"rendered":"http:\/\/www.caririemacao.com\/1\/?p=153029"},"modified":"2020-02-12T14:02:37","modified_gmt":"2020-02-12T17:02:37","slug":"tres-municipios-do-cariri-abrem-processo-seletivo-para-inscricoes-de-cursos-tecnicos-do-mediotec","status":"publish","type":"post","link":"https:\/\/www.caririemacao.com\/1\/2020\/02\/12\/tres-municipios-do-cariri-abrem-processo-seletivo-para-inscricoes-de-cursos-tecnicos-do-mediotec\/","title":{"rendered":"Tr\u00eas munic\u00edpios do Cariri abrem Processo Seletivo para inscri\u00e7\u00f5es de cursos t\u00e9cnicos do MedioTec"},"content":{"rendered":"\n<p>Foi lan\u00e7ado nesta ter\u00e7a-feira (11) o edital do Processo Seletivo de Estudantes da Rede P\u00fablica Estadual para cursos t\u00e9cnicos de n\u00edvel m\u00e9dio (MedioTec), do Programa Nacional de Acesso ao Ensino T\u00e9cnico e Emprego (Pronatec). No total, a Secretaria de Estado da Educa\u00e7\u00e3o e da Ci\u00eancia e Tecnologia da Para\u00edba ofertou 1.125 vagas para 10 cursos, distribu\u00eddas em 16 cidades da Para\u00edba. As inscri\u00e7\u00f5es seguem at\u00e9 o dia 10 de mar\u00e7o.<\/p>\n\n\n\n<p>As inscri\u00e7\u00f5es podem ser realizadas por meio de formul\u00e1rio online, dispon\u00edvel no endere\u00e7o:&nbsp;<a href=\"http:\/\/www.paraibatec.pb.gov.br\/\">www.paraibatec.pb.gov.br<\/a>&nbsp;.<\/p>\n\n\n\n<p>Poder\u00e3o participar os estudantes da Rede P\u00fablica Estadual que estejam cursando o Ensino M\u00e9dio Regular no ano letivo de 2020 e com idade de 15 a 19 anos completos no in\u00edcio das aulas. Os estudantes que estejam cursando a 1\u00aa e 2\u00aa s\u00e9ries do ensino m\u00e9dio poder\u00e3o se inscrever nos cursos com carga hor\u00e1ria igual a 800h, 1.000h e 1.200h. J\u00e1 os estudantes que estejam cursando a 3\u00aa s\u00e9rie do ensino m\u00e9dio poder\u00e3o inscrever-se apenas nos cursos com carga hor\u00e1ria igual a 800h e 1000h.<\/p>\n\n\n\n<p>As vagas s\u00e3o para os cursos de Guia de Turismo, Seguran\u00e7a no Trabalho, Programa\u00e7\u00e3o de Jogos Digitais, Eventos, Administra\u00e7\u00e3o, Inform\u00e1tica, Confeitaria, Contabilidade, Inform\u00e1tica para Internet e Marketing. Ser\u00e3o ofertados nos seguintes munic\u00edpios:&nbsp;<strong>Boqueir\u00e3o<\/strong>, Guarabira, Cabedelo, Itaporanga, Cacimba de Dentro, Jo\u00e3o Pessoa, Cajazeiras, Mamanguape, Campina Grande,&nbsp;<strong>Monteiro<\/strong>, Concei\u00e7\u00e3o, Patos, Conde, Sousa, Curral de Cima e<strong>&nbsp;Sum\u00e9<\/strong>.<\/p>\n\n\n\n<p>Os aprovados ter\u00e3o direito ao aux\u00edlio de uma bolsa forma\u00e7\u00e3o, destinada ao custeio com alimenta\u00e7\u00e3o e transporte de ida e volta at\u00e9 a unidade de ensino do seu respectivo curso.<\/p>\n\n\n\n<p><strong>Processo seletivo&nbsp;<\/strong><\/p>\n\n\n\n<p>O processo ser\u00e1 dividido em duas etapas. A primeira, realizada atrav\u00e9s de um sorteio aleat\u00f3rio da inscri\u00e7\u00e3o, ap\u00f3s ser observado o sistema de cotas e as vagas gerais. A segunda ser\u00e1 uma entrevista classificat\u00f3ria. Durante as entrevistas, seguindo o crit\u00e9rio de sorteio e cotas, os inscritos ser\u00e3o separados por turmas. A cada 40 alunos, 25 ser\u00e3o selecionados para seus respectivos cursos. A nota, que pode variar entre zero e 10, ser\u00e1 obtida atrav\u00e9s de crit\u00e9rios como o interesse na \u00e1rea; capacidade de demonstrar foco em seu objetivo; interesse em trabalhar na \u00e1rea; capacidade de transmitir suas expectativas; reda\u00e7\u00e3o; capacidade de descrever texto l\u00f3gico; leg\u00edvel e objetivo; potencial e assiduidade.<\/p>\n\n\n\n<p>Mais informa\u00e7\u00f5es est\u00e3o dispon\u00edveis no Di\u00e1rio Oficial do Estado, atrav\u00e9s do portal eletr\u00f4nico oficial&nbsp;<a href=\"http:\/\/www.paraiba.pb.gov.br\/educacao\/pronatec\">www.paraiba.pb.gov.br\/educacao\u2026<\/a>&nbsp;e no endere\u00e7o auxiliar:&nbsp;<a href=\"http:\/\/www.paraibatec.pb.gov.br\/\">www.paraibatec.pb.gov.br<\/a><\/p>\n\n\n\n<p><strong>O programa<\/strong><\/p>\n\n\n\n<p>O MedioTec \u00e9 uma a\u00e7\u00e3o do Pronatec, que tem como objetivo expandir, interiorizar e democratizar a oferta de cursos t\u00e9cnicos de n\u00edvel m\u00e9dio para os estudantes, visando \u00e0 expans\u00e3o da educa\u00e7\u00e3o profissional e tecnol\u00f3gica.<\/p>\n\n\n\n<p><strong>Confira o Cronograma:&nbsp;<\/strong><\/p>\n\n\n\n<div class=\"wp-block-image\"><figure class=\"aligncenter\"><img decoding=\"async\" data-src=\"http:\/\/deolhonocariri.com.br\/wp-content\/uploads\/2020\/02\/cronograma_mediotec.jpg\" alt=\"\" class=\"wp-image-77858 lazyload\" src=\"data:image\/svg+xml;base64,PHN2ZyB3aWR0aD0iMSIgaGVpZ2h0PSIxIiB4bWxucz0iaHR0cDovL3d3dy53My5vcmcvMjAwMC9zdmciPjwvc3ZnPg==\" \/><\/figure><\/div>\n\n\n\n<p><em>Click PB<\/em><\/p>\n","protected":false},"excerpt":{"rendered":"<p>Foi lan\u00e7ado nesta ter\u00e7a-feira (11) o edital do Processo Seletivo de Estudantes da Rede P\u00fablica Estadual para cursos t\u00e9cnicos de n\u00edvel m\u00e9dio (MedioTec), do Programa&hellip; <\/p>\n","protected":false},"author":2,"featured_media":149079,"comment_status":"closed","ping_status":"closed","sticky":false,"template":"","format":"standard","meta":{"sfsi_plus_gutenberg_text_before_share":"","sfsi_plus_gutenberg_show_text_before_share":"","sfsi_plus_gutenberg_icon_type":"","sfsi_plus_gutenberg_icon_alignemt":"","sfsi_plus_gutenburg_max_per_row":"","footnotes":""},"categories":[50,14],"tags":[],"class_list":["post-153029","post","type-post","status-publish","format-standard","has-post-thumbnail","hentry","category-destaque","category-educacao"],"_links":{"self":[{"href":"https:\/\/www.caririemacao.com\/1\/wp-json\/wp\/v2\/posts\/153029","targetHints":{"allow":["GET"]}}],"collection":[{"href":"https:\/\/www.caririemacao.com\/1\/wp-json\/wp\/v2\/posts"}],"about":[{"href":"https:\/\/www.caririemacao.com\/1\/wp-json\/wp\/v2\/types\/post"}],"author":[{"embeddable":true,"href":"https:\/\/www.caririemacao.com\/1\/wp-json\/wp\/v2\/users\/2"}],"replies":[{"embeddable":true,"href":"https:\/\/www.caririemacao.com\/1\/wp-json\/wp\/v2\/comments?post=153029"}],"version-history":[{"count":1,"href":"https:\/\/www.caririemacao.com\/1\/wp-json\/wp\/v2\/posts\/153029\/revisions"}],"predecessor-version":[{"id":153030,"href":"https:\/\/www.caririemacao.com\/1\/wp-json\/wp\/v2\/posts\/153029\/revisions\/153030"}],"wp:featuredmedia":[{"embeddable":true,"href":"https:\/\/www.caririemacao.com\/1\/wp-json\/wp\/v2\/media\/149079"}],"wp:attachment":[{"href":"https:\/\/www.caririemacao.com\/1\/wp-json\/wp\/v2\/media?parent=153029"}],"wp:term":[{"taxonomy":"category","embeddable":true,"href":"https:\/\/www.caririemacao.com\/1\/wp-json\/wp\/v2\/categories?post=153029"},{"taxonomy":"post_tag","embeddable":true,"href":"https:\/\/www.caririemacao.com\/1\/wp-json\/wp\/v2\/tags?post=153029"}],"curies":[{"name":"wp","href":"https:\/\/api.w.org\/{rel}","templated":true}]}}