{"id":153034,"date":"2020-02-12T14:06:23","date_gmt":"2020-02-12T17:06:23","guid":{"rendered":"http:\/\/www.caririemacao.com\/1\/?p=153034"},"modified":"2020-02-12T14:06:25","modified_gmt":"2020-02-12T17:06:25","slug":"abertas-inscricoes-para-o-i-encontro-de-direito-eleitoral-do-cariri-em-monteiro","status":"publish","type":"post","link":"https:\/\/www.caririemacao.com\/1\/2020\/02\/12\/abertas-inscricoes-para-o-i-encontro-de-direito-eleitoral-do-cariri-em-monteiro\/","title":{"rendered":"Abertas inscri\u00e7\u00f5es para o I Encontro de Direito Eleitoral do Cariri, em Monteiro"},"content":{"rendered":"\n<p>Est\u00e3o abertas as inscri\u00e7\u00f5es para o I Encontro de Direito Eleitoral do Cariri Paraibano, que ser\u00e1 realizado no dia 5 de mar\u00e7o de 2020, \u00e0s 9h, na C\u00e2mara Municipal de Monteiro. O evento \u00e9 gratuito e aberto ao p\u00fablico.<\/p>\n\n\n\n<p>De acordo com o coordenador do evento, o advogado Emerson Vasconcelos, devido a grande procura de pessoas interessadas em participar do evento, a organiza\u00e7\u00e3o decidiu pela realiza\u00e7\u00e3o de uma inscri\u00e7\u00e3o pr\u00e9via, para que haja um melhor controle do evento.<\/p>\n\n\n\n<p>\u201cOs interessados em participar devem enviar um e-mail para&nbsp;<strong>encontrodedireitoeleitoral@gmail.com<\/strong>, com os seguintes dados: nome completo, telefone e cidade. A procura de pessoas interessadas em participar do evento tem sido enorme, e sem d\u00favidas ir\u00e1 superar as expectativas\u201d, afirmou o advogado Emerson Vasconcelos.<\/p>\n\n\n\n<p><strong>Os Palestrantes:<\/strong><\/p>\n\n\n\n<p><strong>\u2013 Andr\u00e9 Motta de Almeida:<\/strong>&nbsp;advogado e mestre em Ci\u00eancia Pol\u00edtica.<\/p>\n\n\n\n<p><strong>\u2013 Eduardo Henrique de Farias Costa:<\/strong>&nbsp;Advogado com foco de atua\u00e7\u00e3o nas \u00e1reas do Direito Eleitoral e Direito P\u00fablico, p\u00f3s-graduado em Direito e Processo Eleitoral pela Universidade Potiguar e Vice-presidente do Instituto de Direito Eleitoral da Para\u00edba \u2013 IDEL\/PB<\/p>\n\n\n\n<p><strong>\u2013 Harrison Targino:<\/strong>&nbsp;Advogado desde 1988, Professor de gera\u00e7\u00f5es, exerceu diversos cargos e fun\u00e7\u00f5es, dentre outros: Juiz do Tribunal Regional Eleitoral da Para\u00edba (TRE-PB), Secret\u00e1rio de Educa\u00e7\u00e3o do Estado, Procurador Geral do Estado, Secret\u00e1rio da Administra\u00e7\u00e3o Penitenci\u00e1ria do Estado, e Secret\u00e1rio Estadual da Seguran\u00e7a e da Defesa Social, e atualmente \u00e9 Conselheiro Federal da OAB e Membro da Comiss\u00e3o Nacional de Direito Eleitoral a OAB.<\/p>\n\n\n\n<p><strong>\u2013 Marcelo Weick:<\/strong>&nbsp;Advogado, Professor, Doutor em Direito pela UERJ, Mestre em Direito pela UFRN, P\u00f3s-Doutorado (Santiago de Compostela). Coordenador Geral Nacional da Academia Brasileira de Direito Eleitoral \u2013 ABRADEP. Integra tamb\u00e9m o Instituto de Direito Eleitoral da Para\u00edba \u2013 IDEL\/PB e o Instituto Brasileiro de Direito Eleitoral \u2013 IBRADE.<\/p>\n","protected":false},"excerpt":{"rendered":"<p>Est\u00e3o abertas as inscri\u00e7\u00f5es para o I Encontro de Direito Eleitoral do Cariri Paraibano, que ser\u00e1 realizado no dia 5 de mar\u00e7o de 2020, \u00e0s&hellip; <\/p>\n","protected":false},"author":2,"featured_media":153035,"comment_status":"closed","ping_status":"closed","sticky":false,"template":"","format":"standard","meta":{"sfsi_plus_gutenberg_text_before_share":"","sfsi_plus_gutenberg_show_text_before_share":"","sfsi_plus_gutenberg_icon_type":"","sfsi_plus_gutenberg_icon_alignemt":"","sfsi_plus_gutenburg_max_per_row":"","footnotes":""},"categories":[6],"tags":[],"class_list":["post-153034","post","type-post","status-publish","format-standard","has-post-thumbnail","hentry","category-cidades"],"_links":{"self":[{"href":"https:\/\/www.caririemacao.com\/1\/wp-json\/wp\/v2\/posts\/153034","targetHints":{"allow":["GET"]}}],"collection":[{"href":"https:\/\/www.caririemacao.com\/1\/wp-json\/wp\/v2\/posts"}],"about":[{"href":"https:\/\/www.caririemacao.com\/1\/wp-json\/wp\/v2\/types\/post"}],"author":[{"embeddable":true,"href":"https:\/\/www.caririemacao.com\/1\/wp-json\/wp\/v2\/users\/2"}],"replies":[{"embeddable":true,"href":"https:\/\/www.caririemacao.com\/1\/wp-json\/wp\/v2\/comments?post=153034"}],"version-history":[{"count":1,"href":"https:\/\/www.caririemacao.com\/1\/wp-json\/wp\/v2\/posts\/153034\/revisions"}],"predecessor-version":[{"id":153036,"href":"https:\/\/www.caririemacao.com\/1\/wp-json\/wp\/v2\/posts\/153034\/revisions\/153036"}],"wp:featuredmedia":[{"embeddable":true,"href":"https:\/\/www.caririemacao.com\/1\/wp-json\/wp\/v2\/media\/153035"}],"wp:attachment":[{"href":"https:\/\/www.caririemacao.com\/1\/wp-json\/wp\/v2\/media?parent=153034"}],"wp:term":[{"taxonomy":"category","embeddable":true,"href":"https:\/\/www.caririemacao.com\/1\/wp-json\/wp\/v2\/categories?post=153034"},{"taxonomy":"post_tag","embeddable":true,"href":"https:\/\/www.caririemacao.com\/1\/wp-json\/wp\/v2\/tags?post=153034"}],"curies":[{"name":"wp","href":"https:\/\/api.w.org\/{rel}","templated":true}]}}