{"id":153038,"date":"2020-02-12T14:09:36","date_gmt":"2020-02-12T17:09:36","guid":{"rendered":"http:\/\/www.caririemacao.com\/1\/?p=153038"},"modified":"2020-02-12T14:09:38","modified_gmt":"2020-02-12T17:09:38","slug":"papa-francisco-rejeita-ordenacao-de-homens-casados-como-padres-na-amazonia","status":"publish","type":"post","link":"https:\/\/www.caririemacao.com\/1\/2020\/02\/12\/papa-francisco-rejeita-ordenacao-de-homens-casados-como-padres-na-amazonia\/","title":{"rendered":"Papa Francisco rejeita ordena\u00e7\u00e3o de homens casados como padres na Amaz\u00f4nia"},"content":{"rendered":"\n<p>Homens casados podem se tornar di\u00e1conos, que, como padres, s\u00e3o ministros ordenados. Eles podem pregar, ensinar, batizar e administrar par\u00f3quias, mas n\u00e3o rezar a missa. Por causa disso, em ao menos 85% das aldeias amaz\u00f4nicas as pessoas n\u00e3o podem participar da liturgia todas as semanas \u2014 e algumas n\u00e3o o fazem h\u00e1 anos, segundo a Reuters.<\/p>\n\n\n\n<p>-Essa necessidade urgente me leva a exortar todos os bispos, especialmente os da Am\u00e9rica Latina (&#8230;), a serem mais generosos em incentivar aqueles que demonstram uma voca\u00e7\u00e3o mission\u00e1ria a optar pela regi\u00e3o amaz\u00f4nica-, escreveu Francisco.O pont\u00edfice destacou a -for\u00e7a e d\u00e1diva- das mulheres, mas descartou a ordena\u00e7\u00e3o feminina.<\/p>\n\n\n\n<p>-Por s\u00e9culos, mulheres mantiveram a Igreja nesses lugares [na regi\u00e3o da Amaz\u00f4nia] por meio de sua devo\u00e7\u00e3o not\u00e1vel e f\u00e9 profunda. Isso nos convoca a ampliar nossa vis\u00e3o, para n\u00e3o restringirmos nosso entendimento da Igreja a suas estruturas funcionais. Tal reducionismo nos levaria a acreditar que as mulheres receberiam maior status e participa\u00e7\u00e3o na Igreja somente se fossem admitidas nas Ordens Sagradas-&#8220;, disse Francisco.<\/p>\n\n\n\n<p>-Isso nos levaria a clericalizar as mulheres, diminuir o grande valor do que elas j\u00e1 realizaram e, sutilmente, tornar sua contribui\u00e7\u00e3o indispens\u00e1vel menos eficaz. As mulheres contribuem para a Igreja de uma maneira que \u00e9 adequadamente sua, ao tornar presente a tenra for\u00e7a de Maria, a M\u00e3ei, acrescentou o pont\u00edfice.<\/p>\n\n\n\n<p>Impasse<\/p>\n\n\n\n<p>Conservadores temiam que, se Francisco aceitasse a proposta, outros lugares com escassez de padres seguiriam o mesmo caminho \u2014 at\u00e9 mesmo pa\u00edses desenvolvidos, como a Alemanha, onde a quest\u00e3o est\u00e1 sendo discutida.<\/p>\n\n\n\n<p>Mesmo antes de alguns encontros que ocorreram no pa\u00eds em dezembro, o Vaticano enviou duas cartas aos alem\u00e3es para deixar claro que eles n\u00e3o determinavam como esses temas deveriam ser abordados \u2014 mas as reuni\u00f5es, chamadas de &#8220;caminho sinodal&#8221;, come\u00e7aram apesar dos alertas.<\/p>\n\n\n\n<p>Em janeiro, um livro publicado pelo cardeal guineense Robert Sarah sobre o celibato clerical trouxe o assunto mais uma vez \u00e0 tona, dessa vez envolvendo o Papa Em\u00e9rito Bento XVI. Na obra, em que o pont\u00edfice em\u00e9rito aparece como coautor, Sarah defende a manuten\u00e7\u00e3o do celibato pelo clero. Mas Bento XVI afirmou que n\u00e3o era coautor do livro e pediu que seu nome fosse retirado dele.<\/p>\n","protected":false},"excerpt":{"rendered":"<p>Homens casados podem se tornar di\u00e1conos, que, como padres, s\u00e3o ministros ordenados. Eles podem pregar, ensinar, batizar e administrar par\u00f3quias, mas n\u00e3o rezar a missa.&hellip; <\/p>\n","protected":false},"author":2,"featured_media":153040,"comment_status":"closed","ping_status":"closed","sticky":false,"template":"","format":"standard","meta":{"sfsi_plus_gutenberg_text_before_share":"","sfsi_plus_gutenberg_show_text_before_share":"","sfsi_plus_gutenberg_icon_type":"","sfsi_plus_gutenberg_icon_alignemt":"","sfsi_plus_gutenburg_max_per_row":"","footnotes":""},"categories":[2],"tags":[],"class_list":["post-153038","post","type-post","status-publish","format-standard","has-post-thumbnail","hentry","category-geral"],"_links":{"self":[{"href":"https:\/\/www.caririemacao.com\/1\/wp-json\/wp\/v2\/posts\/153038","targetHints":{"allow":["GET"]}}],"collection":[{"href":"https:\/\/www.caririemacao.com\/1\/wp-json\/wp\/v2\/posts"}],"about":[{"href":"https:\/\/www.caririemacao.com\/1\/wp-json\/wp\/v2\/types\/post"}],"author":[{"embeddable":true,"href":"https:\/\/www.caririemacao.com\/1\/wp-json\/wp\/v2\/users\/2"}],"replies":[{"embeddable":true,"href":"https:\/\/www.caririemacao.com\/1\/wp-json\/wp\/v2\/comments?post=153038"}],"version-history":[{"count":1,"href":"https:\/\/www.caririemacao.com\/1\/wp-json\/wp\/v2\/posts\/153038\/revisions"}],"predecessor-version":[{"id":153041,"href":"https:\/\/www.caririemacao.com\/1\/wp-json\/wp\/v2\/posts\/153038\/revisions\/153041"}],"wp:featuredmedia":[{"embeddable":true,"href":"https:\/\/www.caririemacao.com\/1\/wp-json\/wp\/v2\/media\/153040"}],"wp:attachment":[{"href":"https:\/\/www.caririemacao.com\/1\/wp-json\/wp\/v2\/media?parent=153038"}],"wp:term":[{"taxonomy":"category","embeddable":true,"href":"https:\/\/www.caririemacao.com\/1\/wp-json\/wp\/v2\/categories?post=153038"},{"taxonomy":"post_tag","embeddable":true,"href":"https:\/\/www.caririemacao.com\/1\/wp-json\/wp\/v2\/tags?post=153038"}],"curies":[{"name":"wp","href":"https:\/\/api.w.org\/{rel}","templated":true}]}}