{"id":153047,"date":"2020-02-12T14:38:56","date_gmt":"2020-02-12T17:38:56","guid":{"rendered":"http:\/\/www.caririemacao.com\/1\/?p=153047"},"modified":"2020-02-12T14:38:58","modified_gmt":"2020-02-12T17:38:58","slug":"resultado-dos-candidatos-aptos-a-segunda-etapa-do-pss-auxiliar-de-desenvolvimento-cognitivo-infantil","status":"publish","type":"post","link":"https:\/\/www.caririemacao.com\/1\/2020\/02\/12\/resultado-dos-candidatos-aptos-a-segunda-etapa-do-pss-auxiliar-de-desenvolvimento-cognitivo-infantil\/","title":{"rendered":"Resultado dos candidatos aptos \u00e0 segunda etapa do PSS auxiliar de desenvolvimento cognitivo infantil"},"content":{"rendered":"\n<p><strong>LISTA DE CANDIDATOS APTOS PARA A SEGUNDA<\/strong>&nbsp;<strong>ETAPA \u2013 ENTREVISTA<\/strong><\/p>\n\n\n\n<p><strong>PROCESSO SELETIVO SIMPLIFICADO N\u00ba 01\/2020<\/strong><\/p>\n\n\n\n<p><strong>COMISS\u00c3O DE FISCALIZA\u00c7\u00c3O E ACOMPANHAMENTO<\/strong><\/p>\n\n\n\n<p><strong>PORTARIA N\u00ba<\/strong>&nbsp;<strong>6.026\/2020<\/strong><\/p>\n\n\n\n<p>A Comiss\u00e3o de Fiscaliza\u00e7\u00e3o e Acompanhamento, institu\u00edda pela Portaria N\u00ba&nbsp;<strong>6.026\/2020&nbsp;<\/strong>do PROCESSO SELETIVO SIMPLIFICADO N\u00ba 01\/2020, com vistas \u00e0 sele\u00e7\u00e3o de&nbsp;<strong>05 (CINCO) Auxiliares de Desenvolvimento Cognitivo Infantil e Forma\u00e7\u00e3o de Cadastro de Reserva,<\/strong>&nbsp;para contrata\u00e7\u00e3o por tempo determinado, em car\u00e1ter excepcional de interesse p\u00fablico a fim de preencher vaga do PSS 01\/2020, que prestar\u00e1 servi\u00e7o nas Unidades Municipais de Ensino de Sum\u00e9 \u2013 PB, e pelas disposi\u00e7\u00f5es regulamentares contidas nos presentes Editais e seus anexos., torna p\u00fablico&nbsp;<strong>A LISTA DE CANDIDATOS APTOS PARA ENTREVISTA,&nbsp;<\/strong>de acordo com os itens 1.5 e 5.4, al\u00ednea a. Os candidatos devem comparecer, impreterivelmente, na Secretaria Municipal de Educa\u00e7\u00e3o nos dias&nbsp;<strong>13 e 14\/02\/2020 das 08h \u00e0s 08h30min, obedecendo a ordem de chegada<\/strong>. O candidato que n\u00e3o comparecer ser\u00e1 desclassificado automaticamente.<\/p>\n\n\n\n<figure class=\"wp-block-table\"><table class=\"\"><tbody><tr><td><strong>AUXILIAR DE DESENVOLVIMENTO COGNITIVO INFANTIL<\/strong><\/td><td><strong>SITUA\u00c7\u00c3O :<\/strong><\/td><td>&nbsp;<\/td><\/tr><tr><td><strong>INSCRI\u00c7\u00c3O<\/strong><\/td><td><strong>NOME DOS CANDIDATOS<\/strong><\/td><td><strong>DEFERIDA<\/strong><\/td><\/tr><tr><td>001<\/td><td>CLARICE MARIA ROZENDO<\/td><td><strong>X<\/strong><\/td><\/tr><tr><td>002<\/td><td>ROSIMERE ALVES DA SILVA<\/td><td><strong>X<\/strong><\/td><\/tr><tr><td>005<\/td><td>JANAINA DE LIMA SILVA<\/td><td><strong>X<\/strong><\/td><\/tr><tr><td>006<\/td><td>WELLYDA PAULA BARBOSA DA COSTA<\/td><td><strong>X<\/strong><\/td><\/tr><tr><td>008<\/td><td>MARIA ALBANI DA SILVA<\/td><td><strong>X<\/strong><\/td><\/tr><tr><td>009<\/td><td>MARILDA AMORIM DE LIMA SILVA<\/td><td><strong>X<\/strong><\/td><\/tr><tr><td>011<\/td><td>DEBORA TORRES VILAR SILVA<\/td><td><strong>X<\/strong><\/td><\/tr><tr><td>012<\/td><td>BRUNA DE ARAUJO OLIVEIRA<\/td><td><strong>X<\/strong><\/td><\/tr><tr><td>014<\/td><td>IVANILDA GALDINO DA SILVA<\/td><td><strong>X<\/strong><\/td><\/tr><tr><td>016<\/td><td>MARY ROSANE DA COSTA NASCIMENTO<\/td><td><strong>X<\/strong><\/td><\/tr><tr><td>017<\/td><td>ANA REGINA NUNES DE LIMA<\/td><td><strong>X<\/strong><\/td><\/tr><tr><td>019<\/td><td>ADILMA FRANCISCO DE FRAN\u00c7A<\/td><td><strong>X<\/strong><\/td><\/tr><tr><td>021<\/td><td>SANDRA YARA DA SILVA FEITOSA<\/td><td><strong>X<\/strong><\/td><\/tr><tr><td>022<\/td><td>AMANDA CARLA DA SILVA DE OLIVEIRA<\/td><td><strong>X<\/strong><\/td><\/tr><tr><td>023<\/td><td>SIMONE LIMEIRA DA SILVA<\/td><td><strong>X<\/strong><\/td><\/tr><tr><td>028<\/td><td>MICHELLE NATASHA PEREIRA BARROS<\/td><td><strong>X<\/strong><\/td><\/tr><tr><td>029<\/td><td>JOSEFA ALCIONE MACEDO PEREIRA<\/td><td><strong>X<\/strong><\/td><\/tr><tr><td>031<\/td><td>MARIA RAQUEL MOTA LEITE<\/td><td><strong>X<\/strong><\/td><\/tr><tr><td>032<\/td><td>DEBORA LARAERTE SIM\u00d5ES DE ARAUJO<\/td><td><strong>X<\/strong><\/td><\/tr><tr><td>034<\/td><td>ADRIANA KARLA COELHO DA SILVA GAMA<\/td><td><strong>X<\/strong><\/td><\/tr><tr><td>035<\/td><td>ANA CELIA MORAIS RAMOS<\/td><td><strong>X<\/strong><\/td><\/tr><tr><td>036<\/td><td>VANDEILMA FERNANDES DE LIMA LUZ<\/td><td><strong>X<\/strong><\/td><\/tr><tr><td>039<\/td><td>ALDENICE JOSINA DE SOUZA<\/td><td><strong>X<\/strong><\/td><\/tr><tr><td>040<\/td><td>JEFFERSON DANIEL CORDEIRO LEITE<\/td><td><strong>X<\/strong><\/td><\/tr><tr><td>041<\/td><td>NUBIA KAROLINE SOARES FRANCO<\/td><td><strong>X<\/strong><\/td><\/tr><tr><td>042<\/td><td>MARIA APARECIDA FERREIRA DA SILVA<\/td><td><strong>X<\/strong><\/td><\/tr><tr><td>043<\/td><td>JEISA SAMARA OLIVEIRA SILVA<\/td><td><strong>X<\/strong><\/td><\/tr><tr><td>045<\/td><td>EDJANE SIME\u00c3O DA SILVA<\/td><td><strong>X<\/strong><\/td><\/tr><tr><td>046<\/td><td>IGOR DE SOUSA TEIXEIRA<\/td><td><strong>X<\/strong><\/td><\/tr><tr><td>047<\/td><td>NUBIA JOCIELMA DA SILVA SOUZA<\/td><td><strong>X<\/strong><\/td><\/tr><tr><td>049<\/td><td>K\u00c1TIA SIMONE RAMOS FEITOSA<\/td><td><strong>X<\/strong><\/td><\/tr><tr><td>050<\/td><td>OTACIANY ESTENDIO GON\u00c7ALVES<\/td><td><strong>X<\/strong><\/td><\/tr><tr><td>051<\/td><td>THAIS DEODATO DA SILVA<\/td><td><strong>X<\/strong><\/td><\/tr><tr><td>052<\/td><td>MARIA DAS DORES PEREIRA PEQUENO<\/td><td><strong>X<\/strong><\/td><\/tr><tr><td>054<\/td><td>ELIEHERME RAMOS DA SILVA<\/td><td><strong>X<\/strong><\/td><\/tr><tr><td>056<\/td><td>ROSICLEIDE SOARES NOGUEIRA<\/td><td><strong>X<\/strong><\/td><\/tr><tr><td>058<\/td><td>MARIA EDLENE DA SILVA<\/td><td><strong>X<\/strong><\/td><\/tr><tr><td>061<\/td><td>UBIRACI NASCIMENTO ALVES DE MELO<\/td><td><strong>X<\/strong><\/td><\/tr><tr><td>062<\/td><td>GISELE PEQUENO DE SOUSA<\/td><td><strong>X<\/strong><\/td><\/tr><tr><td>064<\/td><td>FRANCISCA ALVES DE MELO<\/td><td><strong>X<\/strong><\/td><\/tr><tr><td>067<\/td><td>JOSINALDA PEREIRA DA SILVA<\/td><td><strong>X<\/strong><\/td><\/tr><tr><td>072<\/td><td>MARIA FERNANDA BELINHO BATISTA DA SILVA<\/td><td><strong>X<\/strong><\/td><\/tr><tr><td>073<\/td><td>RAQUEL GON\u00c7ALVES MACIEL<\/td><td><strong>X<\/strong><\/td><\/tr><tr><td>074<\/td><td>ELISABETH TRAVASSOS SARINHO<\/td><td><strong>X<\/strong><\/td><\/tr><tr><td>075<\/td><td>IRISMAR CORDEIRO DE OLIVEIRA<\/td><td><strong>X<\/strong><\/td><\/tr><tr><td>076<\/td><td>PAULA GEORG\u00c9A DOS SANTOS ARAUJO<\/td><td><strong>X<\/strong><\/td><\/tr><tr><td>079<\/td><td>DAIANE DE SOUSA FEITOSA<\/td><td><strong>X<\/strong><\/td><\/tr><tr><td>081<\/td><td>JOSENILDO BALBINO FREITAS<\/td><td><strong>X<\/strong><\/td><\/tr><tr><td>082<\/td><td>JOS\u00c9 EDIGILSON GON\u00c7ALVES L\u00caLA<\/td><td><strong>X<\/strong><\/td><\/tr><tr><td>099<\/td><td>JANAINA BEZERRA DE FARIAS<\/td><td><strong>X<\/strong><\/td><\/tr><tr><td>101<\/td><td>LORIELSON DA MOTA ALVES<\/td><td><strong>X<\/strong><\/td><\/tr><tr><td>104<\/td><td>LIDIANE D\u00c1RIO PEREIRA<\/td><td><strong>X<\/strong><\/td><\/tr><tr><td>105<\/td><td>RAYRA CRISTYNE RAMOS SIM\u00d5ES<\/td><td><strong>X<\/strong><\/td><\/tr><tr><td>107<\/td><td>CHARLENE SOUSA SILVA<\/td><td><strong>X<\/strong><\/td><\/tr><tr><td>109<\/td><td>DANUSE DE AMORIM SILVA<\/td><td><strong>X<\/strong><\/td><\/tr><tr><td>110<\/td><td>LUCINEIDE FERNANDES DE LIRA<\/td><td><strong>X<\/strong><\/td><\/tr><tr><td>111<\/td><td>MARIA KLERIANNE RAFAEL DA SILVA<\/td><td><strong>X<\/strong><\/td><\/tr><tr><td>112<\/td><td>THAIS CLARINDO OLIVEIRA DE SOUSA<\/td><td><strong>X<\/strong><\/td><\/tr><tr><td>114<\/td><td>SILVIA MARIA DE ASSUN\u00c7\u00c3O DA COSTA<\/td><td><strong>X<\/strong><\/td><\/tr><tr><td>115<\/td><td>LINDIANE BALBINO DE SOUZA<\/td><td><strong>X<\/strong><\/td><\/tr><tr><td>117<\/td><td>SOLANGE FARIAS LUCAS FERNANDES<\/td><td><strong>X<\/strong><\/td><\/tr><tr><td>118<\/td><td>SILVIA PALOMA LISBOA DE FARIA<\/td><td><strong>X<\/strong><\/td><\/tr><tr><td>122<\/td><td>ALANNY ARAUJO DE SOUZA<\/td><td><strong>X<\/strong><\/td><\/tr><tr><td>123<\/td><td>FERNANDA DE LIMA ARAUJO<\/td><td><strong>X<\/strong><\/td><\/tr><tr><td>125<\/td><td>CICERA DANIELE LOPES DE SOUZA<\/td><td><strong>X<\/strong><\/td><\/tr><tr><td>127<\/td><td>JOSEFA TAMIRES DE BRITO ANTONINO<\/td><td><strong>X<\/strong><\/td><\/tr><tr><td>129<\/td><td>LEILA MACIEL L\u00caLA<\/td><td><strong>X<\/strong><\/td><\/tr><tr><td>131<\/td><td>LUCINALVA FERREIRA DA MOTA RODRIGUES<\/td><td><strong>X<\/strong><\/td><\/tr><tr><td>133<\/td><td>JACOB LOPES GONZAGA JUNIOR<\/td><td><strong>X<\/strong><\/td><\/tr><tr><td>136<\/td><td>IRMA LA DULCE ANGELINA BEZERRA<\/td><td><strong>X<\/strong><\/td><\/tr><tr><td><strong>INSCRI\u00c7\u00c3O<\/strong><\/td><td><strong>NOME DOS CANDIDATOS<\/strong><\/td><td><strong>SITUA\u00c7\u00c3O: INDEFERIDA<\/strong><\/td><\/tr><tr><td>003<\/td><td>ESPEDITA FERNANDA GOMES DE OLIVEIRA<\/td><td><strong>X<\/strong><\/td><\/tr><tr><td>004<\/td><td>MARIA EDUARDA RAFAEL VIANA<\/td><td><strong>X<\/strong><\/td><\/tr><tr><td>007<\/td><td>LUCINEIA ALVES DA SILVA CAETANO<\/td><td><strong>X<\/strong><\/td><\/tr><tr><td>010<\/td><td>GABRIELLE DOS SANTOS AMORIM<\/td><td><strong>X<\/strong><\/td><\/tr><tr><td>013<\/td><td>ARIANA DE SOUZA SILVA<\/td><td><strong>X<\/strong><\/td><\/tr><tr><td>015<\/td><td>JOSE JONNAT BARBOZA GUIMAR\u00c3ES<\/td><td><strong>X<\/strong><\/td><\/tr><tr><td>018<\/td><td>CLAUDINEI TELES CIRIACO<\/td><td><strong>X<\/strong><\/td><\/tr><tr><td>020<\/td><td>FERNANDA DE AMORIM SANTOS<\/td><td><strong>X<\/strong><\/td><\/tr><tr><td>024<\/td><td>VERA LUCIA COSTA DE FREITAS<\/td><td><strong>X<\/strong><\/td><\/tr><tr><td>025<\/td><td>GRACE KELLY DE ASSIS SILVA<\/td><td><strong>X<\/strong><\/td><\/tr><tr><td>026<\/td><td>RAFAEL BARROS DE SOUSA<\/td><td><strong>X<\/strong><\/td><\/tr><tr><td>027<\/td><td>BARBARA COSTA DE FREITAS<\/td><td><strong>X<\/strong><\/td><\/tr><tr><td>030<\/td><td>MARIA LEONICE ALEXANDRE DE LIMA<\/td><td><strong>X<\/strong><\/td><\/tr><tr><td>033<\/td><td>ANA KAROLINA DA SILVA LEITE<\/td><td><strong>X<\/strong><\/td><\/tr><tr><td>037<\/td><td>LEONILSON SILVA SOARES<\/td><td><strong>X<\/strong><\/td><\/tr><tr><td>038<\/td><td>ILMA DA SILVA SOUSA<\/td><td><strong>X<\/strong><\/td><\/tr><tr><td>044<\/td><td>EDUARDA RUTE DE LIMA NASCIMENTO<\/td><td><strong>X<\/strong><\/td><\/tr><tr><td>048<\/td><td>JOSEILMA JOSEFA FEITOZA<\/td><td><strong>X<\/strong><\/td><\/tr><tr><td>053<\/td><td>RENATA LOURENCIO DE OLIVEIRA<\/td><td><strong>X<\/strong><\/td><\/tr><tr><td>055<\/td><td>LUANA MIRTES GOMES DE QUEIROZ<\/td><td><strong>X<\/strong><\/td><\/tr><tr><td>057<\/td><td>LUCICLEIA HENRIQUE DE ALMEIDA<\/td><td><strong>X<\/strong><\/td><\/tr><tr><td>059<\/td><td>IVAN ROSAS DO NASCIMENTO<\/td><td><strong>X<\/strong><\/td><\/tr><tr><td>060<\/td><td>FABIANA FIRMINO DE OLIVEIRA DO NASCIMENTO<\/td><td><strong>X<\/strong><\/td><\/tr><tr><td>063<\/td><td>TATYANE RODRIGUES DA SILVA<\/td><td><strong>X<\/strong><\/td><\/tr><tr><td>065<\/td><td>LUZIA FEITOSA DE OLIVEIRA<\/td><td><strong>X<\/strong><\/td><\/tr><tr><td>066<\/td><td>ANA LETICIA DE MORAIS ARAUJO<\/td><td><strong>X<\/strong><\/td><\/tr><tr><td>068<\/td><td>MARIA LUIZA SOARES DA SILVA<\/td><td><strong>X<\/strong><\/td><\/tr><tr><td>069<\/td><td>MARCIA ADRIANA DA SILVA<\/td><td><strong>X<\/strong><\/td><\/tr><tr><td>070<\/td><td>PEDRO HENRIQUE FELICIANO DA SILVA<\/td><td><strong>X<\/strong><\/td><\/tr><tr><td>071<\/td><td>LEDA REGINA GOMES DOS SANTOS NETA<\/td><td><strong>X<\/strong><\/td><\/tr><tr><td>077<\/td><td>MARIA LILIANE PEREIRA NUNES<\/td><td><strong>X<\/strong><\/td><\/tr><tr><td>078<\/td><td>MARIA DAS GRA\u00c7AS DO NASCIMENTO SILVA<\/td><td><strong>X<\/strong><\/td><\/tr><tr><td>080<\/td><td>ALCIONE RIBEIRO DONATO DE ALMEIDA<\/td><td><strong>X<\/strong><\/td><\/tr><tr><td>083<\/td><td>JUCICLEIDE MARIA DA SILVA<\/td><td><strong>X<\/strong><\/td><\/tr><tr><td>084<\/td><td>BRUNA MACEDO PEREIRA<\/td><td><strong>X<\/strong><\/td><\/tr><tr><td>085<\/td><td>ADRIANA SIQUEIRA DAS CHAGAS<\/td><td><strong>X<\/strong><\/td><\/tr><tr><td>086<\/td><td>ALINE QUEIROZ PAULINO DE SOUSA<\/td><td><strong>X<\/strong><\/td><\/tr><tr><td>087<\/td><td>KARYNA BRITO SARAIVA<\/td><td><strong>X<\/strong><\/td><\/tr><tr><td>088<\/td><td>GRACE TORRES DE MACEDO COELHO<\/td><td><strong>X<\/strong><\/td><\/tr><tr><td>089<\/td><td>LIVIA DE ARAUJO GOMES<\/td><td><strong>X<\/strong><\/td><\/tr><tr><td>090<\/td><td>MARIA JOSILENE DA SILVA MELO<\/td><td><strong>X<\/strong><\/td><\/tr><tr><td>091<\/td><td>MARTA POLLYANNA PEREIRA DE ANDRADE<\/td><td><strong>X<\/strong><\/td><\/tr><tr><td>092<\/td><td>RIV\u00c2NIA FREITAS DE SOUSA JER\u00d4NIMO<\/td><td><strong>X<\/strong><\/td><\/tr><tr><td>093<\/td><td>JOSENILDA DIAS DE SOUZA<\/td><td><strong>X<\/strong><\/td><\/tr><tr><td>094<\/td><td>MARIA ALICE FEITOZA DE LIMA<\/td><td><strong>X<\/strong><\/td><\/tr><tr><td>095<\/td><td>MILLENA NASCIMENTO DA SILVA<\/td><td><strong>X<\/strong><\/td><\/tr><tr><td>096<\/td><td>LUCILLE DI LANCASTER PEREIRA BARROS<\/td><td><strong>X<\/strong><\/td><\/tr><tr><td>097<\/td><td>JESSICA CAROLINE DE SOUZA SILVA<\/td><td><strong>X<\/strong><\/td><\/tr><tr><td>098<\/td><td>ERICA SAMARA DE LIMA CORREIA BORGES<\/td><td><strong>X<\/strong><\/td><\/tr><tr><td>100<\/td><td>DICILENE SANARA DA SILVA<\/td><td><strong>X<\/strong><\/td><\/tr><tr><td>102<\/td><td>PERTERSON CAIQUE MOURA DE LIMA<\/td><td><strong>X<\/strong><\/td><\/tr><tr><td>103<\/td><td>RENATA KELLY MARTINS DA SILVA<\/td><td><strong>X<\/strong><\/td><\/tr><tr><td>106<\/td><td>ALUSCA MARIANA CAVALCANTE SOARES<\/td><td><strong>X<\/strong><\/td><\/tr><tr><td>108<\/td><td>MARIA ITANILDA SIM\u00d5ES DOS SANTOS<\/td><td><strong>X<\/strong><\/td><\/tr><tr><td>113<\/td><td>FABRICIA GALDINO MACIEL<\/td><td><strong>X<\/strong><\/td><\/tr><tr><td>116<\/td><td>CAMILA THIALLA DE SOUSA CIPRIANO<\/td><td><strong>X<\/strong><\/td><\/tr><tr><td>119<\/td><td>\u00c9LIDA MARINA MARQUES LEITE<\/td><td><strong>X<\/strong><\/td><\/tr><tr><td>120<\/td><td>DAIANE DA SILVA ARAUJO<\/td><td><strong>X<\/strong><\/td><\/tr><tr><td>121<\/td><td>GENILDA DA SILVA CARVALHO<\/td><td><strong>X<\/strong><\/td><\/tr><tr><td>124<\/td><td>JULIANA ALVES DA SILVA<\/td><td><strong>X<\/strong><\/td><\/tr><tr><td>126<\/td><td>EDNILTON SILVA ESTENDIO<\/td><td><strong>X<\/strong><\/td><\/tr><tr><td>128<\/td><td>AMANDA BATISTA DE ARAUJO<\/td><td><strong>X<\/strong><\/td><\/tr><tr><td>130<\/td><td>PRISCILA DA SILVA BRITO<\/td><td><strong>X<\/strong><\/td><\/tr><tr><td>132<\/td><td>ERIVALDO DA SILVA GOUVEIA<\/td><td><strong>X<\/strong><\/td><\/tr><tr><td>134<\/td><td>JOSEANA FERREIRA DE LIMA<\/td><td><strong>X<\/strong><\/td><\/tr><tr><td>135<\/td><td>LIVIA CATARINA DA SILVA RODRIGUES<\/td><td><strong>X<\/strong><\/td><\/tr><tr><td>&nbsp;<\/td><td>&nbsp;<\/td><td>&nbsp;<\/td><\/tr><\/tbody><\/table><\/figure>\n\n\n\n<p>** Os candidatos com situa\u00e7\u00e3o&nbsp;<strong>INDEFERIDO,&nbsp;<\/strong>n\u00e3o atenderam os crit\u00e9rios exigidos de acordo com o&nbsp;<strong>item 1.5 E 5.4 al\u00ednea a<\/strong>&nbsp;do edital.<\/p>\n\n\n\n<p>Sum\u00e9\/PB, 12 de fevereiro de 2020<\/p>\n\n\n\n<p>Maria do Socorro Sousa Sarmento<\/p>\n\n\n\n<p>Presidente da Comiss\u00e3o<\/p>\n","protected":false},"excerpt":{"rendered":"<p>LISTA DE CANDIDATOS APTOS PARA A SEGUNDA&nbsp;ETAPA \u2013 ENTREVISTA PROCESSO SELETIVO SIMPLIFICADO N\u00ba 01\/2020 COMISS\u00c3O DE FISCALIZA\u00c7\u00c3O E ACOMPANHAMENTO PORTARIA N\u00ba&nbsp;6.026\/2020 A Comiss\u00e3o de Fiscaliza\u00e7\u00e3o&hellip; <\/p>\n","protected":false},"author":2,"featured_media":135301,"comment_status":"closed","ping_status":"closed","sticky":false,"template":"","format":"standard","meta":{"sfsi_plus_gutenberg_text_before_share":"","sfsi_plus_gutenberg_show_text_before_share":"","sfsi_plus_gutenberg_icon_type":"","sfsi_plus_gutenberg_icon_alignemt":"","sfsi_plus_gutenburg_max_per_row":"","footnotes":""},"categories":[50,2],"tags":[],"class_list":["post-153047","post","type-post","status-publish","format-standard","has-post-thumbnail","hentry","category-destaque","category-geral"],"_links":{"self":[{"href":"https:\/\/www.caririemacao.com\/1\/wp-json\/wp\/v2\/posts\/153047","targetHints":{"allow":["GET"]}}],"collection":[{"href":"https:\/\/www.caririemacao.com\/1\/wp-json\/wp\/v2\/posts"}],"about":[{"href":"https:\/\/www.caririemacao.com\/1\/wp-json\/wp\/v2\/types\/post"}],"author":[{"embeddable":true,"href":"https:\/\/www.caririemacao.com\/1\/wp-json\/wp\/v2\/users\/2"}],"replies":[{"embeddable":true,"href":"https:\/\/www.caririemacao.com\/1\/wp-json\/wp\/v2\/comments?post=153047"}],"version-history":[{"count":1,"href":"https:\/\/www.caririemacao.com\/1\/wp-json\/wp\/v2\/posts\/153047\/revisions"}],"predecessor-version":[{"id":153048,"href":"https:\/\/www.caririemacao.com\/1\/wp-json\/wp\/v2\/posts\/153047\/revisions\/153048"}],"wp:featuredmedia":[{"embeddable":true,"href":"https:\/\/www.caririemacao.com\/1\/wp-json\/wp\/v2\/media\/135301"}],"wp:attachment":[{"href":"https:\/\/www.caririemacao.com\/1\/wp-json\/wp\/v2\/media?parent=153047"}],"wp:term":[{"taxonomy":"category","embeddable":true,"href":"https:\/\/www.caririemacao.com\/1\/wp-json\/wp\/v2\/categories?post=153047"},{"taxonomy":"post_tag","embeddable":true,"href":"https:\/\/www.caririemacao.com\/1\/wp-json\/wp\/v2\/tags?post=153047"}],"curies":[{"name":"wp","href":"https:\/\/api.w.org\/{rel}","templated":true}]}}