{"id":153052,"date":"2020-02-12T18:55:48","date_gmt":"2020-02-12T21:55:48","guid":{"rendered":"http:\/\/www.caririemacao.com\/1\/?p=153052"},"modified":"2020-02-12T18:59:12","modified_gmt":"2020-02-12T21:59:12","slug":"prefeito-de-camalau-tem-contas-aprovadas-pelo-tce","status":"publish","type":"post","link":"https:\/\/www.caririemacao.com\/1\/2020\/02\/12\/prefeito-de-camalau-tem-contas-aprovadas-pelo-tce\/","title":{"rendered":"Prefeito de Camala\u00fa tem contas aprovadas pelo TCE"},"content":{"rendered":"\n<p>O prefeito de Camala\u00fa, Sandro M\u00f4co, teve mais uma presta\u00e7\u00e3o de contas aprovada por unanimidade junto ao Tribunal de Contas do Estado da Para\u00edba, dessa vez referente ao exerc\u00edcio financeiro de 2018. De acordo, com o prefeito Sandro, essa aprova\u00e7\u00e3o representa o trabalho di\u00e1rio e comprometido de toda uma equipe em busca do melhor para Camala\u00fa. <\/p>\n\n\n\n<p>&#8220;Agrade\u00e7o a Deus todos os dias pela oportunidade de estar a frente da administra\u00e7\u00e3o de nossa cidade como tamb\u00e9m pe\u00e7o sabedoria para que esse caminho continue sendo trilhado com responsabilidade e compromisso. Agrade\u00e7o ainda, a toda equipe de assessores e servidores, que comp\u00f5e a nossa administra\u00e7\u00e3o municipal, pelo empenho e zelo di\u00e1rio ao prestar um servi\u00e7o de qualidade a nossa popula\u00e7\u00e3o&#8221;, agradeceu .<\/p>\n\n\n\n<p>Ele tamb\u00e9m agradeceu ao vice-prefeito Ezequiel Sostenes, aos vereadores da base governista e l\u00edderes comunit\u00e1rios pela parceria, amizade e uni\u00e3o. <\/p>\n\n\n\n<p>Por fim, ele reafirmou o compromisso com todos os camalauenses, com o objetivo sempre de promover com seriedade e responsabilidade, uma Camala\u00fa para todos.<\/p>\n","protected":false},"excerpt":{"rendered":"<p>O prefeito de Camala\u00fa, Sandro M\u00f4co, teve mais uma presta\u00e7\u00e3o de contas aprovada por unanimidade junto ao Tribunal de Contas do Estado da Para\u00edba, dessa&hellip; <\/p>\n","protected":false},"author":1,"featured_media":61167,"comment_status":"closed","ping_status":"closed","sticky":false,"template":"","format":"standard","meta":{"sfsi_plus_gutenberg_text_before_share":"","sfsi_plus_gutenberg_show_text_before_share":"","sfsi_plus_gutenberg_icon_type":"","sfsi_plus_gutenberg_icon_alignemt":"","sfsi_plus_gutenburg_max_per_row":"","footnotes":""},"categories":[50,2],"tags":[],"class_list":["post-153052","post","type-post","status-publish","format-standard","has-post-thumbnail","hentry","category-destaque","category-geral"],"_links":{"self":[{"href":"https:\/\/www.caririemacao.com\/1\/wp-json\/wp\/v2\/posts\/153052","targetHints":{"allow":["GET"]}}],"collection":[{"href":"https:\/\/www.caririemacao.com\/1\/wp-json\/wp\/v2\/posts"}],"about":[{"href":"https:\/\/www.caririemacao.com\/1\/wp-json\/wp\/v2\/types\/post"}],"author":[{"embeddable":true,"href":"https:\/\/www.caririemacao.com\/1\/wp-json\/wp\/v2\/users\/1"}],"replies":[{"embeddable":true,"href":"https:\/\/www.caririemacao.com\/1\/wp-json\/wp\/v2\/comments?post=153052"}],"version-history":[{"count":1,"href":"https:\/\/www.caririemacao.com\/1\/wp-json\/wp\/v2\/posts\/153052\/revisions"}],"predecessor-version":[{"id":153053,"href":"https:\/\/www.caririemacao.com\/1\/wp-json\/wp\/v2\/posts\/153052\/revisions\/153053"}],"wp:featuredmedia":[{"embeddable":true,"href":"https:\/\/www.caririemacao.com\/1\/wp-json\/wp\/v2\/media\/61167"}],"wp:attachment":[{"href":"https:\/\/www.caririemacao.com\/1\/wp-json\/wp\/v2\/media?parent=153052"}],"wp:term":[{"taxonomy":"category","embeddable":true,"href":"https:\/\/www.caririemacao.com\/1\/wp-json\/wp\/v2\/categories?post=153052"},{"taxonomy":"post_tag","embeddable":true,"href":"https:\/\/www.caririemacao.com\/1\/wp-json\/wp\/v2\/tags?post=153052"}],"curies":[{"name":"wp","href":"https:\/\/api.w.org\/{rel}","templated":true}]}}