{"id":153057,"date":"2020-02-12T22:54:52","date_gmt":"2020-02-13T01:54:52","guid":{"rendered":"http:\/\/www.caririemacao.com\/1\/?p=153057"},"modified":"2020-02-13T06:24:13","modified_gmt":"2020-02-13T09:24:13","slug":"amparo-programa-itinerante-de-saude-atende-a-comunidade-de-salgadinho-nesta-quinta","status":"publish","type":"post","link":"https:\/\/www.caririemacao.com\/1\/2020\/02\/12\/amparo-programa-itinerante-de-saude-atende-a-comunidade-de-salgadinho-nesta-quinta\/","title":{"rendered":"Amparo: Programa Itinerante de Sa\u00fade atende \u00e0 comunidade de Salgadinho, nesta quinta"},"content":{"rendered":"\n<p>A Prefeitura Municipal de Amparo, por meio da Secretaria de Sa\u00fade, informou que o Programa Itinerante de Sa\u00fade estar\u00e1 nesta quinta-feira, dia 13, atendendo a comunidade de Salgadinho, zona rural do Munic\u00edpio. <\/p>\n\n\n\n<p>O objetivo maior do pograma \u00e9 levar os servi\u00e7os de sa\u00fade, \u00e0 todas as comunidades afastados da cidade de Amparo. <\/p>\n\n\n\n<p>De acordo com a secret\u00e1ria Ver\u00f4nica, o programa ir\u00e1 atender \u00e0 comunidade rural de salgadinho nesta quinta-feira (13), oferecendo todos os servi\u00e7os cl\u00ednicos de sa\u00fade, para todos os amparenses, que vivem em comunidades rurais. <\/p>\n","protected":false},"excerpt":{"rendered":"<p>A Prefeitura Municipal de Amparo, por meio da Secretaria de Sa\u00fade, informou que o Programa Itinerante de Sa\u00fade estar\u00e1 nesta quinta-feira, dia 13, atendendo a&hellip; <\/p>\n","protected":false},"author":1,"featured_media":153058,"comment_status":"closed","ping_status":"closed","sticky":false,"template":"","format":"standard","meta":{"sfsi_plus_gutenberg_text_before_share":"","sfsi_plus_gutenberg_show_text_before_share":"","sfsi_plus_gutenberg_icon_type":"","sfsi_plus_gutenberg_icon_alignemt":"","sfsi_plus_gutenburg_max_per_row":"","footnotes":""},"categories":[6,50,16],"tags":[],"class_list":["post-153057","post","type-post","status-publish","format-standard","has-post-thumbnail","hentry","category-cidades","category-destaque","category-saude"],"_links":{"self":[{"href":"https:\/\/www.caririemacao.com\/1\/wp-json\/wp\/v2\/posts\/153057","targetHints":{"allow":["GET"]}}],"collection":[{"href":"https:\/\/www.caririemacao.com\/1\/wp-json\/wp\/v2\/posts"}],"about":[{"href":"https:\/\/www.caririemacao.com\/1\/wp-json\/wp\/v2\/types\/post"}],"author":[{"embeddable":true,"href":"https:\/\/www.caririemacao.com\/1\/wp-json\/wp\/v2\/users\/1"}],"replies":[{"embeddable":true,"href":"https:\/\/www.caririemacao.com\/1\/wp-json\/wp\/v2\/comments?post=153057"}],"version-history":[{"count":2,"href":"https:\/\/www.caririemacao.com\/1\/wp-json\/wp\/v2\/posts\/153057\/revisions"}],"predecessor-version":[{"id":153061,"href":"https:\/\/www.caririemacao.com\/1\/wp-json\/wp\/v2\/posts\/153057\/revisions\/153061"}],"wp:featuredmedia":[{"embeddable":true,"href":"https:\/\/www.caririemacao.com\/1\/wp-json\/wp\/v2\/media\/153058"}],"wp:attachment":[{"href":"https:\/\/www.caririemacao.com\/1\/wp-json\/wp\/v2\/media?parent=153057"}],"wp:term":[{"taxonomy":"category","embeddable":true,"href":"https:\/\/www.caririemacao.com\/1\/wp-json\/wp\/v2\/categories?post=153057"},{"taxonomy":"post_tag","embeddable":true,"href":"https:\/\/www.caririemacao.com\/1\/wp-json\/wp\/v2\/tags?post=153057"}],"curies":[{"name":"wp","href":"https:\/\/api.w.org\/{rel}","templated":true}]}}