{"id":153063,"date":"2020-02-13T06:37:02","date_gmt":"2020-02-13T09:37:02","guid":{"rendered":"http:\/\/www.caririemacao.com\/1\/?p=153063"},"modified":"2020-02-13T06:37:03","modified_gmt":"2020-02-13T09:37:03","slug":"sumeense-morto-no-interior-do-parana-tem-tumulo-violado-e-caixao-incendiado","status":"publish","type":"post","link":"https:\/\/www.caririemacao.com\/1\/2020\/02\/13\/sumeense-morto-no-interior-do-parana-tem-tumulo-violado-e-caixao-incendiado\/","title":{"rendered":"Sumeense morto no interior do Paran\u00e1 tem t\u00famulo violado e caix\u00e3o incendiado"},"content":{"rendered":"\n<p>Um fato que remete ao tempo da barb\u00e1rie ocorreu no interior do Paran\u00e1, numa cidade chamada de Juranda, envolvendo um caririzeiro natural de Sum\u00e9.<\/p>\n\n\n\n<p>Michel Lopes de Oliveira, conhecido como \u201cMichel Panelinha\u201d, foi assassinado na noite do \u00faltimo s\u00e1bado (08) em Umuarama, interior do Paran\u00e1. Michel foi morto com cerca de 20 golpes de faca. Ele tinha pouco mais de 30 anos de idade.<\/p>\n\n\n\n<p>A v\u00edtima era conhecida como \u201cPara\u00edba\u201d e foi sepultado no cemit\u00e9rio municipal de Juranda. Na madrugada desta quarta-feira (12), seu t\u00famulo foi violado em uma a\u00e7\u00e3o macabra e os criminosos atearam fogo em seu caix\u00e3o.<\/p>\n\n\n\n<p>A viola\u00e7\u00e3o do t\u00famulo s\u00f3 foi descoberta nas primeiras horas da manh\u00e3 desta quarta-feira (12), quando mulheres que realizavam a limpeza do cemit\u00e9rio se depararam com o ato desumano e assustador.<\/p>\n\n\n\n<p>Pelos vest\u00edgios encontrados no local, os criminosos utilizaram gasolina para atear fogo \u00e0 sepultura. O inc\u00eandio chegou a atingir o corpo do defunto. A Pol\u00edcia Civil j\u00e1 investiga o caso e espera chegar aos autores dessa barb\u00e1rie.<\/p>\n\n\n\n<p>Michel Lopes foi provavelmente assassinado por ex-funcion\u00e1rios seus a partir de um desacordo comercial. Os dois acusados j\u00e1 foram presos pela pol\u00edcia.<\/p>\n\n\n\n<p><\/p>\n\n\n\n<p><br><em>Foto e informa\u00e7\u00f5es: Coruj\u00e3o Not\u00edcias<\/em><\/p>\n","protected":false},"excerpt":{"rendered":"<p>Um fato que remete ao tempo da barb\u00e1rie ocorreu no interior do Paran\u00e1, numa cidade chamada de Juranda, envolvendo um caririzeiro natural de Sum\u00e9. Michel&hellip; <\/p>\n","protected":false},"author":2,"featured_media":153064,"comment_status":"closed","ping_status":"closed","sticky":false,"template":"","format":"standard","meta":{"sfsi_plus_gutenberg_text_before_share":"","sfsi_plus_gutenberg_show_text_before_share":"","sfsi_plus_gutenberg_icon_type":"","sfsi_plus_gutenberg_icon_alignemt":"","sfsi_plus_gutenburg_max_per_row":"","footnotes":""},"categories":[50,12],"tags":[],"class_list":["post-153063","post","type-post","status-publish","format-standard","has-post-thumbnail","hentry","category-destaque","category-policia"],"_links":{"self":[{"href":"https:\/\/www.caririemacao.com\/1\/wp-json\/wp\/v2\/posts\/153063","targetHints":{"allow":["GET"]}}],"collection":[{"href":"https:\/\/www.caririemacao.com\/1\/wp-json\/wp\/v2\/posts"}],"about":[{"href":"https:\/\/www.caririemacao.com\/1\/wp-json\/wp\/v2\/types\/post"}],"author":[{"embeddable":true,"href":"https:\/\/www.caririemacao.com\/1\/wp-json\/wp\/v2\/users\/2"}],"replies":[{"embeddable":true,"href":"https:\/\/www.caririemacao.com\/1\/wp-json\/wp\/v2\/comments?post=153063"}],"version-history":[{"count":1,"href":"https:\/\/www.caririemacao.com\/1\/wp-json\/wp\/v2\/posts\/153063\/revisions"}],"predecessor-version":[{"id":153065,"href":"https:\/\/www.caririemacao.com\/1\/wp-json\/wp\/v2\/posts\/153063\/revisions\/153065"}],"wp:featuredmedia":[{"embeddable":true,"href":"https:\/\/www.caririemacao.com\/1\/wp-json\/wp\/v2\/media\/153064"}],"wp:attachment":[{"href":"https:\/\/www.caririemacao.com\/1\/wp-json\/wp\/v2\/media?parent=153063"}],"wp:term":[{"taxonomy":"category","embeddable":true,"href":"https:\/\/www.caririemacao.com\/1\/wp-json\/wp\/v2\/categories?post=153063"},{"taxonomy":"post_tag","embeddable":true,"href":"https:\/\/www.caririemacao.com\/1\/wp-json\/wp\/v2\/tags?post=153063"}],"curies":[{"name":"wp","href":"https:\/\/api.w.org\/{rel}","templated":true}]}}