{"id":153068,"date":"2020-02-13T06:42:38","date_gmt":"2020-02-13T09:42:38","guid":{"rendered":"http:\/\/www.caririemacao.com\/1\/?p=153068"},"modified":"2020-02-13T06:42:41","modified_gmt":"2020-02-13T09:42:41","slug":"ufcg-realiza-prova-do-vestibular-para-educacao-do-campo-nesta-quinta","status":"publish","type":"post","link":"https:\/\/www.caririemacao.com\/1\/2020\/02\/13\/ufcg-realiza-prova-do-vestibular-para-educacao-do-campo-nesta-quinta\/","title":{"rendered":"UFCG realiza prova do Vestibular para Educa\u00e7\u00e3o do Campo nesta quinta"},"content":{"rendered":"\n<p>A Universidade Federal de Campina Grande realizar\u00e1 nesta quinta-feira, 13, por meio da Comiss\u00e3o de Processos Vestibulares \u2013 Comprov, a prova de habilidade espec\u00edfica do Vestibular para o curso de gradua\u00e7\u00e3o Licenciatura Interdisciplinar em Educa\u00e7\u00e3o do Campo do Centro de Desenvolvimento Sustent\u00e1vel do Semi\u00e1rido, Campus Sum\u00e9.<\/p>\n\n\n\n<p>A prova acontecer\u00e1 na Central de Aulas II do Campus Sum\u00e9 e ter\u00e1 dura\u00e7\u00e3o m\u00ednima de uma hora e m\u00e1xima de tr\u00eas horas, com in\u00edcio \u00e0s 13h e encerramento \u00e0s 16h.&nbsp;O resultado (Primeira Chamada) est\u00e1 previsto para o dia 20 de fevereiro de 2020.<\/p>\n\n\n\n<p>De acordo com o edital do Vestibular, na avalia\u00e7\u00e3o da reda\u00e7\u00e3o, ser\u00e1 considerado apenas o texto produzido na folha espec\u00edfica de reda\u00e7\u00e3o, n\u00e3o tendo nenhum valor qualquer texto escrito em outro local da prova ou em espa\u00e7o reservado para o rascunho da reda\u00e7\u00e3o. A reda\u00e7\u00e3o ser\u00e1 escrita em letra leg\u00edvel, obrigatoriamente com caneta esferogr\u00e1fica de tinta preta ou azul escuro. N\u00e3o poder\u00e1 ser assinada, rubricada ou conter qualquer palavra e ou marca que a identifique, a n\u00e3o ser o n\u00famero de inscri\u00e7\u00e3o e o nome do candidato no local apropriado. O candidato dever\u00e1 escrever, no m\u00ednimo, oito linhas, sem contar o t\u00edtulo, e, no m\u00e1ximo, vinte e cinco linhas.<\/p>\n\n\n\n<p>Acesse&nbsp;<a href=\"https:\/\/comprov.ufcg.edu.br\/component\/phocadownload\/category\/105-2020-1.html?download=1001:local-de-prova\" target=\"_blank\" rel=\"noreferrer noopener\">aqui o local de prova<\/a>.<\/p>\n\n\n\n<p>Veja&nbsp;<a href=\"https:\/\/comprov.ufcg.edu.br\/component\/phocadownload\/category\/106-legislacao.html?download=980:edital\" target=\"_blank\" rel=\"noreferrer noopener\">aqui<\/a>&nbsp;o Edital que rege o processo seletivo.<\/p>\n","protected":false},"excerpt":{"rendered":"<p>A Universidade Federal de Campina Grande realizar\u00e1 nesta quinta-feira, 13, por meio da Comiss\u00e3o de Processos Vestibulares \u2013 Comprov, a prova de habilidade espec\u00edfica do&hellip; <\/p>\n","protected":false},"author":2,"featured_media":108166,"comment_status":"closed","ping_status":"closed","sticky":false,"template":"","format":"standard","meta":{"sfsi_plus_gutenberg_text_before_share":"","sfsi_plus_gutenberg_show_text_before_share":"","sfsi_plus_gutenberg_icon_type":"","sfsi_plus_gutenberg_icon_alignemt":"","sfsi_plus_gutenburg_max_per_row":"","footnotes":""},"categories":[14],"tags":[],"class_list":["post-153068","post","type-post","status-publish","format-standard","has-post-thumbnail","hentry","category-educacao"],"_links":{"self":[{"href":"https:\/\/www.caririemacao.com\/1\/wp-json\/wp\/v2\/posts\/153068","targetHints":{"allow":["GET"]}}],"collection":[{"href":"https:\/\/www.caririemacao.com\/1\/wp-json\/wp\/v2\/posts"}],"about":[{"href":"https:\/\/www.caririemacao.com\/1\/wp-json\/wp\/v2\/types\/post"}],"author":[{"embeddable":true,"href":"https:\/\/www.caririemacao.com\/1\/wp-json\/wp\/v2\/users\/2"}],"replies":[{"embeddable":true,"href":"https:\/\/www.caririemacao.com\/1\/wp-json\/wp\/v2\/comments?post=153068"}],"version-history":[{"count":1,"href":"https:\/\/www.caririemacao.com\/1\/wp-json\/wp\/v2\/posts\/153068\/revisions"}],"predecessor-version":[{"id":153069,"href":"https:\/\/www.caririemacao.com\/1\/wp-json\/wp\/v2\/posts\/153068\/revisions\/153069"}],"wp:featuredmedia":[{"embeddable":true,"href":"https:\/\/www.caririemacao.com\/1\/wp-json\/wp\/v2\/media\/108166"}],"wp:attachment":[{"href":"https:\/\/www.caririemacao.com\/1\/wp-json\/wp\/v2\/media?parent=153068"}],"wp:term":[{"taxonomy":"category","embeddable":true,"href":"https:\/\/www.caririemacao.com\/1\/wp-json\/wp\/v2\/categories?post=153068"},{"taxonomy":"post_tag","embeddable":true,"href":"https:\/\/www.caririemacao.com\/1\/wp-json\/wp\/v2\/tags?post=153068"}],"curies":[{"name":"wp","href":"https:\/\/api.w.org\/{rel}","templated":true}]}}