{"id":153076,"date":"2020-02-13T06:54:46","date_gmt":"2020-02-13T09:54:46","guid":{"rendered":"http:\/\/www.caririemacao.com\/1\/?p=153076"},"modified":"2020-02-13T06:54:48","modified_gmt":"2020-02-13T09:54:48","slug":"desembargador-da-15-dias-para-que-ricardo-coutinho-prefeita-deputadas-e-outros-denunciados-respondam-acusacoes","status":"publish","type":"post","link":"https:\/\/www.caririemacao.com\/1\/2020\/02\/13\/desembargador-da-15-dias-para-que-ricardo-coutinho-prefeita-deputadas-e-outros-denunciados-respondam-acusacoes\/","title":{"rendered":"Desembargador d\u00e1 15 dias para que Ricardo Coutinho, prefeita, deputadas e outros denunciados respondam acusa\u00e7\u00f5es"},"content":{"rendered":"\n<p>O desembargador Ricardo Vital de Almeida, relator da Opera\u00e7\u00e3o Calv\u00e1rio no Tribunal de Justi\u00e7a da Para\u00edba, determinou, nesta quarta-feira (12), que sejam notificados os demais denunciados que ainda n\u00e3o apresentaram resposta \u00e0s acusa\u00e7\u00f5es feitas no processo. O magistrado havia determinado, no dia 15 de janeiro, que fossem notificados primeiramente os que fizeram dela\u00e7\u00e3o premiada: Liv\u00e2nia Farias, Daniel Gomes, Laura Caldas, Leandro Nunes e Ivan Burity, para que posteriormente fossem chamados os outros acusados.<\/p>\n\n\n\n<p>Os notificados ter\u00e3o prazo de 15 dias para responder \u00e0 den\u00fancia feita pelo Minist\u00e9rio P\u00fablico da Para\u00edba (MPPB). A decis\u00e3o de primeiro notificar os colaboradores e, s\u00f3 ap\u00f3s, notificar os outros acusados segue a posi\u00e7\u00e3o firmada pelo Supremo Tribunal Federal (STF).<\/p>\n\n\n\n<p>Nessa segunda fase ser\u00e3o notificados Ricardo Coutinho, as deputadas Estela Bezerra e Cida Ramos, a prefeita M\u00e1rcia Lucena, os ex-secret\u00e1rios Aracilba Rocha, Cl\u00e1udia Veras, Waldson Dias de Souza, o ex-procurador Gilberto Carneiro da Gama, o irm\u00e3o do ex-governador, Coriolano Coutinho; o ex-presidente do PSB, Jos\u00e9 Edvaldo Rosas, al\u00e9m de Francisco das Chagas Ferreira, e Geo Luiz de Sousa Fontes.<\/p>\n\n\n\n<p>Tamb\u00e9m ser\u00e3o notificados para oferecer respostas Bruno Miguel Teixeira de Avelar Pereira Caldas, Jair \u00c9der Ara\u00fajo Pessoa J\u00fanior, Raquel Vieira Coutinho, Benny Pereira de Lima, Breno Dornellles Pahim Filho, Breno Dornelles Pahim Neto, Denise Krummenauer Pahim, Saulo Pereira Fernandes, Keydison Samuel de Sousa Santiago, Maur\u00edcio Rocha Neves, David Clemente Monteiro Correia, Jos\u00e9 Arthur Viana Teixeira, Vladimir dos Santos Neiva, Valdemar \u00c1bila, M\u00e1rcio Nogueira Vignoli, Hil\u00e1rio Ananias Queiroz Nogueira e Jardel da Silva Aderico.<\/p>\n\n\n\n<p>Ap\u00f3s a apresenta\u00e7\u00e3o de todas as respostas, o desembargador-relator levar\u00e1 o processo para aprecia\u00e7\u00e3o do Pleno do Tribunal de Justi\u00e7a da Para\u00edba, a fim de que se decida acerca do recebimento ou n\u00e3o da den\u00fancia.<\/p>\n\n\n\n<p><strong>Pedido de suspens\u00e3o do processo<\/strong><\/p>\n\n\n\n<p>No despacho, Ricardo Vital negou pedido da defesa do ex-governador Ricardo Coutinho de suspens\u00e3o ad cautelam do processo at\u00e9 que seja disponibilizada a \u00edntegra do material probat\u00f3rio mencionado na den\u00fancia. De acordo com o relator, alguns dos documentos elencados pelo denunciado est\u00e3o sob sigilo e estes, conforme o Minist\u00e9rio P\u00fablico, n\u00e3o foram utilizados para instruir a den\u00fancia.<\/p>\n\n\n\n<p>\u201cCom rela\u00e7\u00e3o aos Termos de espontaneidade, de confidencialidade e de acordo de colabora\u00e7\u00e3o de Daniel Gomes da Silva e de Michele Louzada Cardoso, o Minist\u00e9rio P\u00fablico destaca que os referidos pactos de colabora\u00e7\u00e3o foram realizados perante a Procuradoria-Geral da Rep\u00fablica e submetidos \u00e0 homologa\u00e7\u00e3o do STJ, onde est\u00e3o depositados e podem ser requeridos, visto que foram objeto de compartilhamento com o TJPB, t\u00e3o somente no tocante aos anexos com repercuss\u00e3o no Estado da Para\u00edba\u201d, destacou Ricardo Vital.<\/p>\n\n\n\n<p>Ainda segundo o relator, o Minist\u00e9rio P\u00fablico disponibilizou outros tantos documentos mencionados pela defesa de Ricardo Coutinho, garantindo, assim, amplo e irrestrito acesso a todos os elementos probat\u00f3rios referidos na den\u00fancia, n\u00e3o s\u00f3 ao requerente como aos demais denunciados. \u201cPortanto, encontra-se disponibilizada \u00e0 defesa a \u00edntegra do material probat\u00f3rio utilizado para instruir a den\u00fancia, n\u00e3o havendo que se falar em irregularidade na documenta\u00e7\u00e3o apresentada pelo MPPB, nem, por conseguinte, de viola\u00e7\u00e3o aos direitos de ampla defesa e do contradit\u00f3rio, raz\u00e3o pela qual, indefiro os pedidos de suspens\u00e3o ad cautelam do processo e devolu\u00e7\u00e3o do prazo processual\u201d, ressaltou.<\/p>\n\n\n\n<p><strong>Envio de informa\u00e7\u00f5es<\/strong><\/p>\n\n\n\n<p>O desembargador Ricardo Vital encaminhou ao gabinete do ministro Gilmar Mendes, do Supremo Tribunal Federal (STF), as informa\u00e7\u00f5es solicitadas acerca das pris\u00f5es preventivas decretadas na s\u00e9tima fase da Opera\u00e7\u00e3o Calv\u00e1rio. O ministro \u00e9 relator de v\u00e1rios pedidos de habeas corpus impetrados pelas defesas de alguns dos envolvidos.<\/p>\n\n\n\n<p><em>Click PB<\/em><\/p>\n","protected":false},"excerpt":{"rendered":"<p>O desembargador Ricardo Vital de Almeida, relator da Opera\u00e7\u00e3o Calv\u00e1rio no Tribunal de Justi\u00e7a da Para\u00edba, determinou, nesta quarta-feira (12), que sejam notificados os demais&hellip; <\/p>\n","protected":false},"author":2,"featured_media":153077,"comment_status":"closed","ping_status":"closed","sticky":false,"template":"","format":"standard","meta":{"sfsi_plus_gutenberg_text_before_share":"","sfsi_plus_gutenberg_show_text_before_share":"","sfsi_plus_gutenberg_icon_type":"","sfsi_plus_gutenberg_icon_alignemt":"","sfsi_plus_gutenburg_max_per_row":"","footnotes":""},"categories":[2],"tags":[],"class_list":["post-153076","post","type-post","status-publish","format-standard","has-post-thumbnail","hentry","category-geral"],"_links":{"self":[{"href":"https:\/\/www.caririemacao.com\/1\/wp-json\/wp\/v2\/posts\/153076","targetHints":{"allow":["GET"]}}],"collection":[{"href":"https:\/\/www.caririemacao.com\/1\/wp-json\/wp\/v2\/posts"}],"about":[{"href":"https:\/\/www.caririemacao.com\/1\/wp-json\/wp\/v2\/types\/post"}],"author":[{"embeddable":true,"href":"https:\/\/www.caririemacao.com\/1\/wp-json\/wp\/v2\/users\/2"}],"replies":[{"embeddable":true,"href":"https:\/\/www.caririemacao.com\/1\/wp-json\/wp\/v2\/comments?post=153076"}],"version-history":[{"count":1,"href":"https:\/\/www.caririemacao.com\/1\/wp-json\/wp\/v2\/posts\/153076\/revisions"}],"predecessor-version":[{"id":153078,"href":"https:\/\/www.caririemacao.com\/1\/wp-json\/wp\/v2\/posts\/153076\/revisions\/153078"}],"wp:featuredmedia":[{"embeddable":true,"href":"https:\/\/www.caririemacao.com\/1\/wp-json\/wp\/v2\/media\/153077"}],"wp:attachment":[{"href":"https:\/\/www.caririemacao.com\/1\/wp-json\/wp\/v2\/media?parent=153076"}],"wp:term":[{"taxonomy":"category","embeddable":true,"href":"https:\/\/www.caririemacao.com\/1\/wp-json\/wp\/v2\/categories?post=153076"},{"taxonomy":"post_tag","embeddable":true,"href":"https:\/\/www.caririemacao.com\/1\/wp-json\/wp\/v2\/tags?post=153076"}],"curies":[{"name":"wp","href":"https:\/\/api.w.org\/{rel}","templated":true}]}}