{"id":153089,"date":"2020-02-13T07:52:44","date_gmt":"2020-02-13T10:52:44","guid":{"rendered":"http:\/\/www.caririemacao.com\/1\/?p=153089"},"modified":"2020-02-13T07:52:45","modified_gmt":"2020-02-13T10:52:45","slug":"abertas-inscricoes-para-cursos-do-mediotec-pronatec-em-sume","status":"publish","type":"post","link":"https:\/\/www.caririemacao.com\/1\/2020\/02\/13\/abertas-inscricoes-para-cursos-do-mediotec-pronatec-em-sume\/","title":{"rendered":"Abertas inscri\u00e7\u00f5es para cursos do Mediotec\/Pronatec em Sum\u00e9"},"content":{"rendered":"\n<p>Os estudantes que ainda est\u00e3o cursando o ensino m\u00e9dio na rede p\u00fablica estadual e que desejam ingressar em um curso t\u00e9cnico, j\u00e1 est\u00e3o abertas, em Sum\u00e9, as inscri\u00e7\u00f5es do Mediotec. S\u00e3o cursos t\u00e9cnicos gratuitos nas \u00e1reas de: Contabilidade, Seguran\u00e7a do Trabalho e Inform\u00e1tica para Internet.<\/p>\n\n\n\n<p>As inscri\u00e7\u00f5es podem ser realizadas por meio do site do Paraibatec (paraibatec.pb.gov.br), ou presencial na Escola Maria Leite Rafael, no turno da noite, de segunda-feira \u00e0 sexta-feira de 18h \u00e0s 22h. Os alunos receber\u00e3o uma bolsa no valor de dois reais por hora aula assistida.<\/p>\n\n\n\n<p>Poder\u00e3o participar do Processo Seletivo, os estudantes da Rede P\u00fablica Estadual que estejam cursando o 1\u00baAno, 2\u00ba Ano ou 3\u00b0 Ano do Ensino M\u00e9dio Regular no ano letivo de 2020 e com idade entre 15 a 19 anos completos no in\u00edcio das aulas.<\/p>\n\n\n\n<p>No ato da inscri\u00e7\u00e3o \u00e9 necess\u00e1rio que o aluno apresente a seguinte documenta\u00e7\u00e3o: c\u00f3pia do RG, CPF, comprovante de resid\u00eancia, n\u00famero do NIS, xerox dos documentos do respons\u00e1vel e se receber bolsa fam\u00edlia, deve levar tamb\u00e9m uma xerox do cart\u00e3o.<\/p>\n\n\n\n<p>O processo seletivo ser\u00e1 realizado em duas etapas: inscri\u00e7\u00e3o e entrevista. As inscri\u00e7\u00f5es se encerram no dia 10 de mar\u00e7o.<\/p>\n\n\n\n<p>Para mais informa\u00e7\u00f5es acesse o edital:<\/p>\n\n\n\n<p><a href=\"http:\/\/www.sume.pb.gov.br\/wp-content\/uploads\/2020\/02\/EDITAL-006_2020-PRONATEC-PSS-ALUNOS-PARA-CURSOS-TECNICOS-DE-NIVEL-M%C3%89DIO.pdf\">EDITAL 006_2020 \u2013 PRONATEC- PSS ALUNOS \u2013 PARA CURSOS TECNICOS DE NIVEL M\u00c9DIO<\/a><\/p>\n\n\n\n<p>Ascom<\/p>\n","protected":false},"excerpt":{"rendered":"<p>Os estudantes que ainda est\u00e3o cursando o ensino m\u00e9dio na rede p\u00fablica estadual e que desejam ingressar em um curso t\u00e9cnico, j\u00e1 est\u00e3o abertas, em&hellip; <\/p>\n","protected":false},"author":2,"featured_media":153090,"comment_status":"closed","ping_status":"closed","sticky":false,"template":"","format":"standard","meta":{"sfsi_plus_gutenberg_text_before_share":"","sfsi_plus_gutenberg_show_text_before_share":"","sfsi_plus_gutenberg_icon_type":"","sfsi_plus_gutenberg_icon_alignemt":"","sfsi_plus_gutenburg_max_per_row":"","footnotes":""},"categories":[6],"tags":[],"class_list":["post-153089","post","type-post","status-publish","format-standard","has-post-thumbnail","hentry","category-cidades"],"_links":{"self":[{"href":"https:\/\/www.caririemacao.com\/1\/wp-json\/wp\/v2\/posts\/153089","targetHints":{"allow":["GET"]}}],"collection":[{"href":"https:\/\/www.caririemacao.com\/1\/wp-json\/wp\/v2\/posts"}],"about":[{"href":"https:\/\/www.caririemacao.com\/1\/wp-json\/wp\/v2\/types\/post"}],"author":[{"embeddable":true,"href":"https:\/\/www.caririemacao.com\/1\/wp-json\/wp\/v2\/users\/2"}],"replies":[{"embeddable":true,"href":"https:\/\/www.caririemacao.com\/1\/wp-json\/wp\/v2\/comments?post=153089"}],"version-history":[{"count":1,"href":"https:\/\/www.caririemacao.com\/1\/wp-json\/wp\/v2\/posts\/153089\/revisions"}],"predecessor-version":[{"id":153091,"href":"https:\/\/www.caririemacao.com\/1\/wp-json\/wp\/v2\/posts\/153089\/revisions\/153091"}],"wp:featuredmedia":[{"embeddable":true,"href":"https:\/\/www.caririemacao.com\/1\/wp-json\/wp\/v2\/media\/153090"}],"wp:attachment":[{"href":"https:\/\/www.caririemacao.com\/1\/wp-json\/wp\/v2\/media?parent=153089"}],"wp:term":[{"taxonomy":"category","embeddable":true,"href":"https:\/\/www.caririemacao.com\/1\/wp-json\/wp\/v2\/categories?post=153089"},{"taxonomy":"post_tag","embeddable":true,"href":"https:\/\/www.caririemacao.com\/1\/wp-json\/wp\/v2\/tags?post=153089"}],"curies":[{"name":"wp","href":"https:\/\/api.w.org\/{rel}","templated":true}]}}