{"id":153097,"date":"2020-02-13T07:57:39","date_gmt":"2020-02-13T10:57:39","guid":{"rendered":"http:\/\/www.caririemacao.com\/1\/?p=153097"},"modified":"2020-02-13T07:57:41","modified_gmt":"2020-02-13T10:57:41","slug":"ifpb-divulga-lista-de-espera-do-sisu-nesta-quinta-feira","status":"publish","type":"post","link":"https:\/\/www.caririemacao.com\/1\/2020\/02\/13\/ifpb-divulga-lista-de-espera-do-sisu-nesta-quinta-feira\/","title":{"rendered":"IFPB divulga lista de espera do Sisu nesta quinta-feira"},"content":{"rendered":"\n<p>O Instituto Federal da Para\u00edba (IFPB) deve divulgar os editais de convoca\u00e7\u00f5es nos campi participantes do Sisu nesta quinta-feira (13).<\/p>\n\n\n\n<p>De acordo com a Pr\u00f3-Reitoria de Ensino, ao ser liberado o acesso, a institui\u00e7\u00e3o realiza o processamento dos dados e demais ajustes t\u00e9cnicos do quantitativo de vagas remanescentes e os campi realizam as novas convoca\u00e7\u00f5es.&nbsp;A previs\u00e3o \u00e9 de que isso ocorra at\u00e9 quinta.<\/p>\n\n\n\n<p>No edital constar\u00e3o as datas, prazos e local para a entrega da documenta\u00e7\u00e3o de pr\u00e9-matr\u00edcula dos candidatos. Posteriormente ser\u00e1 divulgado o edital de confirma\u00e7\u00e3o de matr\u00edcula.<\/p>\n\n\n\n<p>O IFPB ofertou 1.430 vagas nesta primeira edi\u00e7\u00e3o do Sisu.<\/p>\n","protected":false},"excerpt":{"rendered":"<p>O Instituto Federal da Para\u00edba (IFPB) deve divulgar os editais de convoca\u00e7\u00f5es nos campi participantes do Sisu nesta quinta-feira (13). De acordo com a Pr\u00f3-Reitoria&hellip; <\/p>\n","protected":false},"author":2,"featured_media":153098,"comment_status":"closed","ping_status":"closed","sticky":false,"template":"","format":"standard","meta":{"sfsi_plus_gutenberg_text_before_share":"","sfsi_plus_gutenberg_show_text_before_share":"","sfsi_plus_gutenberg_icon_type":"","sfsi_plus_gutenberg_icon_alignemt":"","sfsi_plus_gutenburg_max_per_row":"","footnotes":""},"categories":[14],"tags":[],"class_list":["post-153097","post","type-post","status-publish","format-standard","has-post-thumbnail","hentry","category-educacao"],"_links":{"self":[{"href":"https:\/\/www.caririemacao.com\/1\/wp-json\/wp\/v2\/posts\/153097","targetHints":{"allow":["GET"]}}],"collection":[{"href":"https:\/\/www.caririemacao.com\/1\/wp-json\/wp\/v2\/posts"}],"about":[{"href":"https:\/\/www.caririemacao.com\/1\/wp-json\/wp\/v2\/types\/post"}],"author":[{"embeddable":true,"href":"https:\/\/www.caririemacao.com\/1\/wp-json\/wp\/v2\/users\/2"}],"replies":[{"embeddable":true,"href":"https:\/\/www.caririemacao.com\/1\/wp-json\/wp\/v2\/comments?post=153097"}],"version-history":[{"count":1,"href":"https:\/\/www.caririemacao.com\/1\/wp-json\/wp\/v2\/posts\/153097\/revisions"}],"predecessor-version":[{"id":153099,"href":"https:\/\/www.caririemacao.com\/1\/wp-json\/wp\/v2\/posts\/153097\/revisions\/153099"}],"wp:featuredmedia":[{"embeddable":true,"href":"https:\/\/www.caririemacao.com\/1\/wp-json\/wp\/v2\/media\/153098"}],"wp:attachment":[{"href":"https:\/\/www.caririemacao.com\/1\/wp-json\/wp\/v2\/media?parent=153097"}],"wp:term":[{"taxonomy":"category","embeddable":true,"href":"https:\/\/www.caririemacao.com\/1\/wp-json\/wp\/v2\/categories?post=153097"},{"taxonomy":"post_tag","embeddable":true,"href":"https:\/\/www.caririemacao.com\/1\/wp-json\/wp\/v2\/tags?post=153097"}],"curies":[{"name":"wp","href":"https:\/\/api.w.org\/{rel}","templated":true}]}}