{"id":153111,"date":"2020-02-13T08:06:26","date_gmt":"2020-02-13T11:06:26","guid":{"rendered":"http:\/\/www.caririemacao.com\/1\/?p=153111"},"modified":"2020-02-13T08:06:27","modified_gmt":"2020-02-13T11:06:27","slug":"pais-terao-que-indenizar-ex-namorada-do-filho-por-ele-ter-vazado-fotos-intimas-da-jovem","status":"publish","type":"post","link":"https:\/\/www.caririemacao.com\/1\/2020\/02\/13\/pais-terao-que-indenizar-ex-namorada-do-filho-por-ele-ter-vazado-fotos-intimas-da-jovem\/","title":{"rendered":"Pais ter\u00e3o que indenizar ex-namorada do filho por ele ter vazado fotos \u00edntimas da jovem"},"content":{"rendered":"\n<p>Desembargadores do Tribunal de Justi\u00e7a de S\u00e3o Paulo (TJ-SP) decidiram, por unanimidade, manter a senten\u00e7a que ordena os pais de um jovem a indenizarem em R$ 15 mil a ex-namorada do filho que teve as fotos vazadas na internet ap\u00f3s o fim do relacionamento. O caso est\u00e1 em segredo de Justi\u00e7a.<\/p>\n\n\n\n<p>De acordo com o tribunal, o adolescente compartilhou as imagens pelo Whatsapp e a exposi\u00e7\u00e3o causou transtornos psicol\u00f3gicos na ex-companheira. A Justi\u00e7a foi acionada e, em outro processo, ele foi condenado por ato infracional, conforme tipificado no Estatuto da Crian\u00e7a e do Adolescente (ECA).<\/p>\n\n\n\n<p>Em seu voto, o relator da apela\u00e7\u00e3o, desembargador Galdino Toledo J\u00fanior, negou provimento \u00e0 apela\u00e7\u00e3o dos pais do rapaz, que ter\u00e3o de arcar com a indeniza\u00e7\u00e3o por danos morais.<\/p>\n\n\n\n<p>\u201cComo bem anotado pelo julgador monocr\u00e1tico (o juiz de primeira inst\u00e2ncia), sendo corretamente imputada a responsabilidade dos r\u00e9us pelo il\u00edcito cometido por seu filho, menor de idade na \u00e9poca dos fatos\u201d, afirmou.<\/p>\n\n\n\n<p>O magistrado negou o pedido para que o aplicativo indenize a jovem, com o argumento de que a empresa n\u00e3o foi respons\u00e1vel pelos danos, bem como de que n\u00e3o \u00e9 poss\u00edvel exigir a exclus\u00e3o do conte\u00fado. Para o desembargador, as mensagens s\u00e3o criptografadas e n\u00e3o permanecem na rede.<\/p>\n","protected":false},"excerpt":{"rendered":"<p>Desembargadores do Tribunal de Justi\u00e7a de S\u00e3o Paulo (TJ-SP) decidiram, por unanimidade, manter a senten\u00e7a que ordena os pais de um jovem a indenizarem em&hellip; <\/p>\n","protected":false},"author":2,"featured_media":153112,"comment_status":"closed","ping_status":"closed","sticky":false,"template":"","format":"standard","meta":{"sfsi_plus_gutenberg_text_before_share":"","sfsi_plus_gutenberg_show_text_before_share":"","sfsi_plus_gutenberg_icon_type":"","sfsi_plus_gutenberg_icon_alignemt":"","sfsi_plus_gutenburg_max_per_row":"","footnotes":""},"categories":[2],"tags":[],"class_list":["post-153111","post","type-post","status-publish","format-standard","has-post-thumbnail","hentry","category-geral"],"_links":{"self":[{"href":"https:\/\/www.caririemacao.com\/1\/wp-json\/wp\/v2\/posts\/153111","targetHints":{"allow":["GET"]}}],"collection":[{"href":"https:\/\/www.caririemacao.com\/1\/wp-json\/wp\/v2\/posts"}],"about":[{"href":"https:\/\/www.caririemacao.com\/1\/wp-json\/wp\/v2\/types\/post"}],"author":[{"embeddable":true,"href":"https:\/\/www.caririemacao.com\/1\/wp-json\/wp\/v2\/users\/2"}],"replies":[{"embeddable":true,"href":"https:\/\/www.caririemacao.com\/1\/wp-json\/wp\/v2\/comments?post=153111"}],"version-history":[{"count":1,"href":"https:\/\/www.caririemacao.com\/1\/wp-json\/wp\/v2\/posts\/153111\/revisions"}],"predecessor-version":[{"id":153113,"href":"https:\/\/www.caririemacao.com\/1\/wp-json\/wp\/v2\/posts\/153111\/revisions\/153113"}],"wp:featuredmedia":[{"embeddable":true,"href":"https:\/\/www.caririemacao.com\/1\/wp-json\/wp\/v2\/media\/153112"}],"wp:attachment":[{"href":"https:\/\/www.caririemacao.com\/1\/wp-json\/wp\/v2\/media?parent=153111"}],"wp:term":[{"taxonomy":"category","embeddable":true,"href":"https:\/\/www.caririemacao.com\/1\/wp-json\/wp\/v2\/categories?post=153111"},{"taxonomy":"post_tag","embeddable":true,"href":"https:\/\/www.caririemacao.com\/1\/wp-json\/wp\/v2\/tags?post=153111"}],"curies":[{"name":"wp","href":"https:\/\/api.w.org\/{rel}","templated":true}]}}