{"id":153114,"date":"2020-02-13T08:07:45","date_gmt":"2020-02-13T11:07:45","guid":{"rendered":"http:\/\/www.caririemacao.com\/1\/?p=153114"},"modified":"2020-02-13T08:07:46","modified_gmt":"2020-02-13T11:07:46","slug":"bolsonaro-convida-general-braga-netto-para-assumir-a-casa-civil-no-lugar-de-onyx","status":"publish","type":"post","link":"https:\/\/www.caririemacao.com\/1\/2020\/02\/13\/bolsonaro-convida-general-braga-netto-para-assumir-a-casa-civil-no-lugar-de-onyx\/","title":{"rendered":"Bolsonaro convida general Braga Netto para assumir a Casa Civil no lugar de Onyx"},"content":{"rendered":"\n<p>O presidente Jair Bolsonaro convidou o general Walter Souza Braga Netto para assumir o o comando da Casa Civil da Presid\u00eancia, em substitui\u00e7\u00e3o a Onyx Lorenzoni (DEM-RS). A tend\u00eancia \u00e9 que Onyx seja realocado para o Minist\u00e9rio da Cidadania, atualmente com Osmar Terra (MDB-RS). Braga Netto liderou a interven\u00e7\u00e3o federal no Rio em 2018.<\/p>\n\n\n\n<p>O convite a Braga Netto foi divulgado pela &#8220;Folha de S.Paulo&#8221; e confirmado pelo GLOBO. O nome de Braga Netto chegou \u00e0s m\u00e3os do presidente indicado pelo ministro da Secretaria de Governo, Luiz Eduardo Ramos. Na semana passada, o GLOBO antecipou que Bolsonaro buscava um militar para comandar a Casa Civil e que queria uma pessoa sem pretens\u00f5es pol\u00edticas.<\/p>\n\n\n\n<p>Aos 62 anos, Braga Netto, que \u00e9 militar da ativa, \u00e9 chefe do Estado-Maior do Ex\u00e9rcito. Para sustentar a indica\u00e7\u00e3o dele, o Planalto tra\u00e7ou seis t\u00f3picos de \u201cargumentos\u201d favor\u00e1veis ao militar. No topo da lista \u00e9 exaltada a \u201ccapacidade administrativa\u201d dele e a passagem por cargo estrat\u00e9gico da Presid\u00eancia. Ele j\u00e1 foi oficial superior e assessor da Subsecretaria de Programas e Projetos da Secretaria de Assuntos Estrat\u00e9gicos da Presid\u00eancia.<\/p>\n\n\n\n<p>Ao fazer o convite, o governo tamb\u00e9m considerou a experi\u00eancia dele em 2018, quando assumiu o desafio de ser interventor federal na Seguran\u00e7a P\u00fablica do Rio de Janeiro. A avalia\u00e7\u00e3o \u00e9 que Braga Netto sabe lidar com \u201cassuntos em um ambiente de grave crise\u201d, sem abrir m\u00e3o da \u201cdiscri\u00e7\u00e3o\u201d, o que o governo considerou um \u201ctra\u00e7o intr\u00ednseco de sua personalidade e forma\u00e7\u00e3o militar\u201d.<\/p>\n\n\n\n<p>O Planalto destacou tamb\u00e9m a \u201cexperi\u00eancia e desenvoltura\u201d do militar como coordenador geral da Assessoria Especial dos Jogos Ol\u00edmpicos e Paral\u00edmpicos Rio 2016. Aliados dele no Pal\u00e1cio enalteceram a desenvoltura para \u201ccoordenar tarefas administrativas de alto n\u00edvel em um ambiente interag\u00eancias, com foco em resultados, com grande teor de visibilidade nacional e internacional\u201d.<\/p>\n\n\n\n<p>Braga Netto tamb\u00e9m foi adido de Defesa na Pol\u00f4nia e, como oficial-general, foi adido Militar do Ex\u00e9rcito junto \u00e0 Embaixada dos Estados Unidos.<\/p>\n\n\n\n<p>O atual chefe do Estado-Maior do Ex\u00e9rcito s\u00f3 apareceu duas vezes na agenda oficial do presidente: a mais recente, a s\u00f3s com Bolsonaro, no \u00faltimo dia 23 de dezembro, no Pal\u00e1cio da Alvorada, e a outra acompanhado de Ramos, em 25 de novembro, no gabinete presidencial.<\/p>\n\n\n\n<p>Na ter\u00e7a, ele esteve no Planalto para participar da cerim\u00f4nia de assinatura do decreto que fez mudan\u00e7as no Conselho Nacional da Amaz\u00f4nia Legal, comandado pelo vice-presidente Hamilton Mour\u00e3o. Com assento no palco, na segunda fileira, coincidentemente sentou-se logo atr\u00e1s de Onyx Lorenzoni.<\/p>\n","protected":false},"excerpt":{"rendered":"<p>O presidente Jair Bolsonaro convidou o general Walter Souza Braga Netto para assumir o o comando da Casa Civil da Presid\u00eancia, em substitui\u00e7\u00e3o a Onyx&hellip; <\/p>\n","protected":false},"author":2,"featured_media":151762,"comment_status":"closed","ping_status":"closed","sticky":false,"template":"","format":"standard","meta":{"sfsi_plus_gutenberg_text_before_share":"","sfsi_plus_gutenberg_show_text_before_share":"","sfsi_plus_gutenberg_icon_type":"","sfsi_plus_gutenberg_icon_alignemt":"","sfsi_plus_gutenburg_max_per_row":"","footnotes":""},"categories":[11],"tags":[],"class_list":["post-153114","post","type-post","status-publish","format-standard","has-post-thumbnail","hentry","category-politica"],"_links":{"self":[{"href":"https:\/\/www.caririemacao.com\/1\/wp-json\/wp\/v2\/posts\/153114","targetHints":{"allow":["GET"]}}],"collection":[{"href":"https:\/\/www.caririemacao.com\/1\/wp-json\/wp\/v2\/posts"}],"about":[{"href":"https:\/\/www.caririemacao.com\/1\/wp-json\/wp\/v2\/types\/post"}],"author":[{"embeddable":true,"href":"https:\/\/www.caririemacao.com\/1\/wp-json\/wp\/v2\/users\/2"}],"replies":[{"embeddable":true,"href":"https:\/\/www.caririemacao.com\/1\/wp-json\/wp\/v2\/comments?post=153114"}],"version-history":[{"count":1,"href":"https:\/\/www.caririemacao.com\/1\/wp-json\/wp\/v2\/posts\/153114\/revisions"}],"predecessor-version":[{"id":153115,"href":"https:\/\/www.caririemacao.com\/1\/wp-json\/wp\/v2\/posts\/153114\/revisions\/153115"}],"wp:featuredmedia":[{"embeddable":true,"href":"https:\/\/www.caririemacao.com\/1\/wp-json\/wp\/v2\/media\/151762"}],"wp:attachment":[{"href":"https:\/\/www.caririemacao.com\/1\/wp-json\/wp\/v2\/media?parent=153114"}],"wp:term":[{"taxonomy":"category","embeddable":true,"href":"https:\/\/www.caririemacao.com\/1\/wp-json\/wp\/v2\/categories?post=153114"},{"taxonomy":"post_tag","embeddable":true,"href":"https:\/\/www.caririemacao.com\/1\/wp-json\/wp\/v2\/tags?post=153114"}],"curies":[{"name":"wp","href":"https:\/\/api.w.org\/{rel}","templated":true}]}}