{"id":153121,"date":"2020-02-13T08:13:49","date_gmt":"2020-02-13T11:13:49","guid":{"rendered":"http:\/\/www.caririemacao.com\/1\/?p=153121"},"modified":"2020-02-13T08:13:51","modified_gmt":"2020-02-13T11:13:51","slug":"militar-da-reserva-e-nomeado-superintendente-do-dnit-na-paraiba","status":"publish","type":"post","link":"https:\/\/www.caririemacao.com\/1\/2020\/02\/13\/militar-da-reserva-e-nomeado-superintendente-do-dnit-na-paraiba\/","title":{"rendered":"Militar da reserva \u00e9 nomeado superintendente do Dnit na Para\u00edba"},"content":{"rendered":"\n<p>O ministro da Infraestrutura, Tarc\u00edsio de Freitas, nomeou o militar da reserva, Marcus Vin\u00edcius Melo Neto, como novo superintendente do Departamento Nacional de Infraestrutura de Transportes (DNIT) na Para\u00edba. A nomea\u00e7\u00e3o foi publicada na edi\u00e7\u00e3o desta quarta-feira (12) do Di\u00e1rio Oficial da Uni\u00e3o.<\/p>\n\n\n\n<p>As informa\u00e7\u00f5es iniciais s\u00e3o de que a nomea\u00e7\u00e3o do militar da reserva remunerada tem rela\u00e7\u00e3o com uma negocia\u00e7\u00e3o da bancada federal paraibana para o encaminhamento da obra de amplia\u00e7\u00e3o da BR-230 para o Grupamento de Engenharia.<\/p>\n\n\n\n<p>A obra est\u00e1 parada desde janeiro de 2020.<\/p>\n\n\n\n<figure class=\"wp-block-image\"><img decoding=\"async\" data-src=\"https:\/\/www.clickpb.com.br\/media\/filer_public\/04\/55\/04550f78-8b2e-4a9e-9b01-7bbb526d0104\/nomeacao_militar_marcus_vinicius_melo_neto_foto_dou_12022020.jpg\" alt=\"\" src=\"data:image\/svg+xml;base64,PHN2ZyB3aWR0aD0iMSIgaGVpZ2h0PSIxIiB4bWxucz0iaHR0cDovL3d3dy53My5vcmcvMjAwMC9zdmciPjwvc3ZnPg==\" class=\"lazyload\" \/><\/figure>\n","protected":false},"excerpt":{"rendered":"<p>O ministro da Infraestrutura, Tarc\u00edsio de Freitas, nomeou o militar da reserva, Marcus Vin\u00edcius Melo Neto, como novo superintendente do Departamento Nacional de Infraestrutura de&hellip; <\/p>\n","protected":false},"author":2,"featured_media":153122,"comment_status":"closed","ping_status":"closed","sticky":false,"template":"","format":"standard","meta":{"sfsi_plus_gutenberg_text_before_share":"","sfsi_plus_gutenberg_show_text_before_share":"","sfsi_plus_gutenberg_icon_type":"","sfsi_plus_gutenberg_icon_alignemt":"","sfsi_plus_gutenburg_max_per_row":"","footnotes":""},"categories":[2],"tags":[],"class_list":["post-153121","post","type-post","status-publish","format-standard","has-post-thumbnail","hentry","category-geral"],"_links":{"self":[{"href":"https:\/\/www.caririemacao.com\/1\/wp-json\/wp\/v2\/posts\/153121","targetHints":{"allow":["GET"]}}],"collection":[{"href":"https:\/\/www.caririemacao.com\/1\/wp-json\/wp\/v2\/posts"}],"about":[{"href":"https:\/\/www.caririemacao.com\/1\/wp-json\/wp\/v2\/types\/post"}],"author":[{"embeddable":true,"href":"https:\/\/www.caririemacao.com\/1\/wp-json\/wp\/v2\/users\/2"}],"replies":[{"embeddable":true,"href":"https:\/\/www.caririemacao.com\/1\/wp-json\/wp\/v2\/comments?post=153121"}],"version-history":[{"count":1,"href":"https:\/\/www.caririemacao.com\/1\/wp-json\/wp\/v2\/posts\/153121\/revisions"}],"predecessor-version":[{"id":153123,"href":"https:\/\/www.caririemacao.com\/1\/wp-json\/wp\/v2\/posts\/153121\/revisions\/153123"}],"wp:featuredmedia":[{"embeddable":true,"href":"https:\/\/www.caririemacao.com\/1\/wp-json\/wp\/v2\/media\/153122"}],"wp:attachment":[{"href":"https:\/\/www.caririemacao.com\/1\/wp-json\/wp\/v2\/media?parent=153121"}],"wp:term":[{"taxonomy":"category","embeddable":true,"href":"https:\/\/www.caririemacao.com\/1\/wp-json\/wp\/v2\/categories?post=153121"},{"taxonomy":"post_tag","embeddable":true,"href":"https:\/\/www.caririemacao.com\/1\/wp-json\/wp\/v2\/tags?post=153121"}],"curies":[{"name":"wp","href":"https:\/\/api.w.org\/{rel}","templated":true}]}}