{"id":153124,"date":"2020-02-13T08:15:08","date_gmt":"2020-02-13T11:15:08","guid":{"rendered":"http:\/\/www.caririemacao.com\/1\/?p=153124"},"modified":"2020-02-13T08:15:10","modified_gmt":"2020-02-13T11:15:10","slug":"uepb-adia-inicio-do-periodo-letivo-2020-1-para-2-de-marco","status":"publish","type":"post","link":"https:\/\/www.caririemacao.com\/1\/2020\/02\/13\/uepb-adia-inicio-do-periodo-letivo-2020-1-para-2-de-marco\/","title":{"rendered":"UEPB adia in\u00edcio do per\u00edodo letivo 2020.1 para 2 de mar\u00e7o"},"content":{"rendered":"\n<p>O in\u00edcio das aulas do per\u00edodo letivo 2020.1 da Universidade Estadual da Para\u00edba (UEPB) foi adiado para o dia 2 de mar\u00e7o.&nbsp;<\/p>\n\n\n\n<p>A decis\u00e3o consta na Resolu\u00e7\u00e3o Ad Referendum UEPB\/Consuni\/0225\/2020, que alterou o Calend\u00e1rio Acad\u00eamico do referido semestre, considerando os impactos sociais e administrativos negativos para os candidatos aprovados no Sistema de Sele\u00e7\u00e3o Unificada (SiSU) e para o calend\u00e1rio de chamadas e matr\u00edculas da UEPB, causados pelos atrasos do Minist\u00e9rio da Educa\u00e7\u00e3o (MEC) na publica\u00e7\u00e3o das listas de aprovados e da Lista de Espera do processo seletivo.<\/p>\n\n\n\n<p>Conforme a Resolu\u00e7\u00e3o, foi considerado ainda que, em consequ\u00eancia dos referidos atrasos, o calend\u00e1rio de chamadas a partir da Lista de Espera precisou ser alterado, retardando o ingresso dos estudantes e comprometendo a forma\u00e7\u00e3o das turmas.&nbsp;<\/p>\n\n\n\n<p>O documento destaca que a entrada muito tardia dos estudantes ingressantes em sala de aula, com o semestre letivo em curso, poderia comprometer irreparavelmente o devido cumprimento das cargas hor\u00e1rias dos componentes curriculares, afetando o desempenho acad\u00eamico dos novos estudantes no primeiro per\u00edodo do curso, fatos que fizeram necess\u00e1rio o adiamento.<\/p>\n\n\n\n<p>Com a altera\u00e7\u00e3o do in\u00edcio das aulas, tamb\u00e9m foram alterados os prazos das demais a\u00e7\u00f5es definidas no Calend\u00e1rio Acad\u00eamico. A Resolu\u00e7\u00e3o com o novo calend\u00e1rio pode ser conferida&nbsp;<a href=\"http:\/\/www.uepb.edu.br\/\">aqui<\/a>.<\/p>\n","protected":false},"excerpt":{"rendered":"<p>O in\u00edcio das aulas do per\u00edodo letivo 2020.1 da Universidade Estadual da Para\u00edba (UEPB) foi adiado para o dia 2 de mar\u00e7o.&nbsp; A decis\u00e3o consta&hellip; <\/p>\n","protected":false},"author":2,"featured_media":152807,"comment_status":"closed","ping_status":"closed","sticky":false,"template":"","format":"standard","meta":{"sfsi_plus_gutenberg_text_before_share":"","sfsi_plus_gutenberg_show_text_before_share":"","sfsi_plus_gutenberg_icon_type":"","sfsi_plus_gutenberg_icon_alignemt":"","sfsi_plus_gutenburg_max_per_row":"","footnotes":""},"categories":[14],"tags":[],"class_list":["post-153124","post","type-post","status-publish","format-standard","has-post-thumbnail","hentry","category-educacao"],"_links":{"self":[{"href":"https:\/\/www.caririemacao.com\/1\/wp-json\/wp\/v2\/posts\/153124","targetHints":{"allow":["GET"]}}],"collection":[{"href":"https:\/\/www.caririemacao.com\/1\/wp-json\/wp\/v2\/posts"}],"about":[{"href":"https:\/\/www.caririemacao.com\/1\/wp-json\/wp\/v2\/types\/post"}],"author":[{"embeddable":true,"href":"https:\/\/www.caririemacao.com\/1\/wp-json\/wp\/v2\/users\/2"}],"replies":[{"embeddable":true,"href":"https:\/\/www.caririemacao.com\/1\/wp-json\/wp\/v2\/comments?post=153124"}],"version-history":[{"count":1,"href":"https:\/\/www.caririemacao.com\/1\/wp-json\/wp\/v2\/posts\/153124\/revisions"}],"predecessor-version":[{"id":153125,"href":"https:\/\/www.caririemacao.com\/1\/wp-json\/wp\/v2\/posts\/153124\/revisions\/153125"}],"wp:featuredmedia":[{"embeddable":true,"href":"https:\/\/www.caririemacao.com\/1\/wp-json\/wp\/v2\/media\/152807"}],"wp:attachment":[{"href":"https:\/\/www.caririemacao.com\/1\/wp-json\/wp\/v2\/media?parent=153124"}],"wp:term":[{"taxonomy":"category","embeddable":true,"href":"https:\/\/www.caririemacao.com\/1\/wp-json\/wp\/v2\/categories?post=153124"},{"taxonomy":"post_tag","embeddable":true,"href":"https:\/\/www.caririemacao.com\/1\/wp-json\/wp\/v2\/tags?post=153124"}],"curies":[{"name":"wp","href":"https:\/\/api.w.org\/{rel}","templated":true}]}}