{"id":153128,"date":"2020-02-13T08:20:08","date_gmt":"2020-02-13T11:20:08","guid":{"rendered":"http:\/\/www.caririemacao.com\/1\/?p=153128"},"modified":"2020-02-13T08:20:10","modified_gmt":"2020-02-13T11:20:10","slug":"sobe-o-numero-de-casos-suspeitos-de-infeccao-pelo-novo-coronavirus-no-pais","status":"publish","type":"post","link":"https:\/\/www.caririemacao.com\/1\/2020\/02\/13\/sobe-o-numero-de-casos-suspeitos-de-infeccao-pelo-novo-coronavirus-no-pais\/","title":{"rendered":"Sobe o n\u00famero de casos suspeitos de infec\u00e7\u00e3o pelo novo coronav\u00edrus no pa\u00eds"},"content":{"rendered":"\n<p><br>OMinist\u00e9rio da Sa\u00fade atualizou hoje (12) as informa\u00e7\u00f5es sobre os casos suspeitos de infec\u00e7\u00e3o pelo novo coronav\u00edrus, o Covid-19, no Brasil.<\/p>\n\n\n\n<p>De acordo com os dados do Centro de Opera\u00e7\u00e3o de Emerg\u00eancia em Sa\u00fade P\u00fablica, o n\u00famero de casos suspeitos passou de oito, ontem (11), para 11, nesta quarta-feira, com tr\u00eas novos casos no estado de S\u00e3o Paulo.<\/p>\n\n\n\n<p>Assim, no momento, os casos suspeitos est\u00e3o assim distribu\u00eddos no pa\u00eds: S\u00e3o Paulo (6), Rio de Janeiro (2), Rio Grande do Sul (1), Minas Gerais (1) e Paran\u00e1 (1). At\u00e9 agora, o Minist\u00e9rio j\u00e1 descartou 33 casos suspeitos de Covid-19.<\/p>\n\n\n\n<p>Em coletiva de imprensa que vem sendo realizada diariamente pelo Minist\u00e9rio da Sa\u00fade, o Secret\u00e1rio de Vigil\u00e2ncia em Sa\u00fade da pasta, Wanderson Oliveira, deu detalhes sobre o perfil epidemiol\u00f3gico dos casos suspeitos no pa\u00eds.<\/p>\n\n\n\n<figure class=\"wp-block-image\"><img decoding=\"async\" data-src=\"https:\/\/paraibaonline.com.br\/wp-content\/uploads\/2020\/02\/diagnostico_laboratorial_de_casos_suspeitos_do_novo_coronavirus_2801209408.jpg\" alt=\"Foto: Divulga\u00e7\u00e3o\/Daniel Damacena (IOC\/Fiocruz)\" class=\"wp-image-836574 lazyload\" src=\"data:image\/svg+xml;base64,PHN2ZyB3aWR0aD0iMSIgaGVpZ2h0PSIxIiB4bWxucz0iaHR0cDovL3d3dy53My5vcmcvMjAwMC9zdmciPjwvc3ZnPg==\" \/><\/figure>\n\n\n\n<p>Foto: Divulga\u00e7\u00e3o\/Daniel Damacena (IOC\/Fiocruz)<\/p>\n\n\n\n<p>Segundo ele, das 11 notifica\u00e7\u00f5es em avalia\u00e7\u00e3o, seis s\u00e3o homens, cinco s\u00e3o mulheres. A m\u00e9dia de idade \u00e9 24,6 anos e todas as pessoas estiveram na China, por\u00e9m nenhuma passou pela cidade de Wuhan, que \u00e9 o epicentro do surto.<\/p>\n\n\n\n<p>Opera\u00e7\u00e3o Regresso<br>Sobre as 58 pessoas que voltaram ao Brasil da China na Opera\u00e7\u00e3o Regresso, no \u00faltimo domingo, dos quais 34 s\u00e3o brasileiros ou estrangeiros que moravam em Wuhan e 24 membros da equipe que embarcou para a opera\u00e7\u00e3o, o secret\u00e1rio informou que conforme prev\u00ea o protocolo internacional, eles voltar\u00e3o a ser testados no pr\u00f3ximo domingo (16).<\/p>\n\n\n\n<p>Todos passaram por exames de sa\u00fade no domingo (9) passado, ao chegar no pa\u00eds, e os resultados, divulgados ontem, deram negativo.<\/p>\n\n\n\n<p>De acordo com o secret\u00e1rio, o protocolo prev\u00ea testes a cada sete dias, at\u00e9 completar 14 dias. Portanto, todos far\u00e3o um terceiro e \u00faltimo teste para Covid-19 no domingo (23).<\/p>\n\n\n\n<p>Sobre o per\u00edodo de quarentena do grupo, que est\u00e1 na base a\u00e9rea de An\u00e1polis, em Goi\u00e1s, a expectativa se mant\u00e9m em 18 dias.<\/p>\n\n\n\n<p>Hist\u00f3rico do coronav\u00edrus<br>Os coronav\u00edrus s\u00e3o conhecidos desde meados dos anos 1960 e j\u00e1 estiveram associados a outros epis\u00f3dios de alerta internacional nos \u00faltimos anos.<\/p>\n\n\n\n<p>Em 2002, uma variante gerou um surto de s\u00edndrome respirat\u00f3ria aguda grave (Sars) que tamb\u00e9m teve in\u00edcio na China e atingiu mais de 8 mil pessoas.<\/p>\n\n\n\n<p>Em 2012, um novo coronav\u00edrus causou uma s\u00edndrome respirat\u00f3ria no Oriente M\u00e9dio que foi chamada de Mers.<\/p>\n\n\n\n<p>A atual transmiss\u00e3o foi identificada em 7 de janeiro, na China. O escrit\u00f3rio da Organiza\u00e7\u00e3o Mundial de Sa\u00fade (OMS) no pa\u00eds buscava respostas para casos de uma pneumonia de etiologia at\u00e9 ent\u00e3o desconhecida que afetava moradores na cidade de Wuhan.<\/p>\n\n\n\n<p>No dia 11 de janeiro foi apontado um mercado de frutos do mar como o local de origem da transmiss\u00e3o. O espa\u00e7o foi fechado pelo governo chin\u00eas.<\/p>\n\n\n\n<p>No final de janeiro, a OMS declarou estado de emerg\u00eancia global em raz\u00e3o do novo coronav\u00edrus.<\/p>\n\n\n\n<p>Ontem, especialistas do mundo inteiro reunidos em Genebra, na Su\u00ed\u00e7a, para tratar do surto, deram um nome \u00e0 doen\u00e7a: Covid-19.<\/p>\n","protected":false},"excerpt":{"rendered":"<p>OMinist\u00e9rio da Sa\u00fade atualizou hoje (12) as informa\u00e7\u00f5es sobre os casos suspeitos de infec\u00e7\u00e3o pelo novo coronav\u00edrus, o Covid-19, no Brasil. De acordo com os&hellip; <\/p>\n","protected":false},"author":2,"featured_media":152306,"comment_status":"closed","ping_status":"closed","sticky":false,"template":"","format":"standard","meta":{"sfsi_plus_gutenberg_text_before_share":"","sfsi_plus_gutenberg_show_text_before_share":"","sfsi_plus_gutenberg_icon_type":"","sfsi_plus_gutenberg_icon_alignemt":"","sfsi_plus_gutenburg_max_per_row":"","footnotes":""},"categories":[2],"tags":[],"class_list":["post-153128","post","type-post","status-publish","format-standard","has-post-thumbnail","hentry","category-geral"],"_links":{"self":[{"href":"https:\/\/www.caririemacao.com\/1\/wp-json\/wp\/v2\/posts\/153128","targetHints":{"allow":["GET"]}}],"collection":[{"href":"https:\/\/www.caririemacao.com\/1\/wp-json\/wp\/v2\/posts"}],"about":[{"href":"https:\/\/www.caririemacao.com\/1\/wp-json\/wp\/v2\/types\/post"}],"author":[{"embeddable":true,"href":"https:\/\/www.caririemacao.com\/1\/wp-json\/wp\/v2\/users\/2"}],"replies":[{"embeddable":true,"href":"https:\/\/www.caririemacao.com\/1\/wp-json\/wp\/v2\/comments?post=153128"}],"version-history":[{"count":1,"href":"https:\/\/www.caririemacao.com\/1\/wp-json\/wp\/v2\/posts\/153128\/revisions"}],"predecessor-version":[{"id":153129,"href":"https:\/\/www.caririemacao.com\/1\/wp-json\/wp\/v2\/posts\/153128\/revisions\/153129"}],"wp:featuredmedia":[{"embeddable":true,"href":"https:\/\/www.caririemacao.com\/1\/wp-json\/wp\/v2\/media\/152306"}],"wp:attachment":[{"href":"https:\/\/www.caririemacao.com\/1\/wp-json\/wp\/v2\/media?parent=153128"}],"wp:term":[{"taxonomy":"category","embeddable":true,"href":"https:\/\/www.caririemacao.com\/1\/wp-json\/wp\/v2\/categories?post=153128"},{"taxonomy":"post_tag","embeddable":true,"href":"https:\/\/www.caririemacao.com\/1\/wp-json\/wp\/v2\/tags?post=153128"}],"curies":[{"name":"wp","href":"https:\/\/api.w.org\/{rel}","templated":true}]}}