{"id":153135,"date":"2020-02-13T10:01:25","date_gmt":"2020-02-13T13:01:25","guid":{"rendered":"http:\/\/www.caririemacao.com\/1\/?p=153135"},"modified":"2020-02-13T10:01:27","modified_gmt":"2020-02-13T13:01:27","slug":"mec-prorroga-por-dois-dias-inscricoes-para-o-fies","status":"publish","type":"post","link":"https:\/\/www.caririemacao.com\/1\/2020\/02\/13\/mec-prorroga-por-dois-dias-inscricoes-para-o-fies\/","title":{"rendered":"MEC prorroga por dois dias inscri\u00e7\u00f5es para o Fies"},"content":{"rendered":"\n<p>O Minist\u00e9rio da Educa\u00e7\u00e3o (MEC) informou que foi prorrogado por mais dois dias o prazo de inscri\u00e7\u00f5es para o Fundo de Financiamento Estudantil (Fies). Com a prorroga\u00e7\u00e3o, os estudantes interessados em participar do programa de&nbsp;financiamento do ensino superior em universidades privadas ter\u00e3o at\u00e9 as 23h59 de sexta-feira (14) para fazer a inscri\u00e7\u00e3o. O prazo inicial terminaria hoje (12).&nbsp;<\/p>\n\n\n\n<p>Segundo o MEC, a data final foi estendida para dar mais prazo para os estudantes se inscreverem. Em todo o pa\u00eds, ser\u00e3o ofertadas 70 mil vagas em institui\u00e7\u00f5es privadas.&nbsp;<\/p>\n\n\n\n<p>Os demais prazos do cronograma do Fies foram mantidos. A divulga\u00e7\u00e3o dos resultados ser\u00e1 no dia 26 de fevereiro. A complementa\u00e7\u00e3o dos inscritos pr\u00e9-selecionados ocorrer\u00e1 entre 27 de fevereiro<br>e \u00e0s 23h59 de 2 de mar\u00e7o. A convoca\u00e7\u00e3o da lista de espera ser\u00e1 de 28 de fevereiro at\u00e9 as 23h59 de 31 de mar\u00e7o.<\/p>\n\n\n\n<p>Os estudantes interessados podem acessar o<em>&nbsp;<a href=\"http:\/\/fies.mec.gov.br\/%C2%A0\" target=\"_blank\" rel=\"noreferrer noopener\">site<\/a><\/em><a href=\"http:\/\/fies.mec.gov.br\/%C2%A0\" target=\"_blank\" rel=\"noreferrer noopener\">&nbsp;do Fies<\/a>.<\/p>\n","protected":false},"excerpt":{"rendered":"<p>O Minist\u00e9rio da Educa\u00e7\u00e3o (MEC) informou que foi prorrogado por mais dois dias o prazo de inscri\u00e7\u00f5es para o Fundo de Financiamento Estudantil (Fies). Com&hellip; <\/p>\n","protected":false},"author":2,"featured_media":113811,"comment_status":"closed","ping_status":"closed","sticky":false,"template":"","format":"standard","meta":{"sfsi_plus_gutenberg_text_before_share":"","sfsi_plus_gutenberg_show_text_before_share":"","sfsi_plus_gutenberg_icon_type":"","sfsi_plus_gutenberg_icon_alignemt":"","sfsi_plus_gutenburg_max_per_row":"","footnotes":""},"categories":[14],"tags":[],"class_list":["post-153135","post","type-post","status-publish","format-standard","has-post-thumbnail","hentry","category-educacao"],"_links":{"self":[{"href":"https:\/\/www.caririemacao.com\/1\/wp-json\/wp\/v2\/posts\/153135","targetHints":{"allow":["GET"]}}],"collection":[{"href":"https:\/\/www.caririemacao.com\/1\/wp-json\/wp\/v2\/posts"}],"about":[{"href":"https:\/\/www.caririemacao.com\/1\/wp-json\/wp\/v2\/types\/post"}],"author":[{"embeddable":true,"href":"https:\/\/www.caririemacao.com\/1\/wp-json\/wp\/v2\/users\/2"}],"replies":[{"embeddable":true,"href":"https:\/\/www.caririemacao.com\/1\/wp-json\/wp\/v2\/comments?post=153135"}],"version-history":[{"count":1,"href":"https:\/\/www.caririemacao.com\/1\/wp-json\/wp\/v2\/posts\/153135\/revisions"}],"predecessor-version":[{"id":153141,"href":"https:\/\/www.caririemacao.com\/1\/wp-json\/wp\/v2\/posts\/153135\/revisions\/153141"}],"wp:featuredmedia":[{"embeddable":true,"href":"https:\/\/www.caririemacao.com\/1\/wp-json\/wp\/v2\/media\/113811"}],"wp:attachment":[{"href":"https:\/\/www.caririemacao.com\/1\/wp-json\/wp\/v2\/media?parent=153135"}],"wp:term":[{"taxonomy":"category","embeddable":true,"href":"https:\/\/www.caririemacao.com\/1\/wp-json\/wp\/v2\/categories?post=153135"},{"taxonomy":"post_tag","embeddable":true,"href":"https:\/\/www.caririemacao.com\/1\/wp-json\/wp\/v2\/tags?post=153135"}],"curies":[{"name":"wp","href":"https:\/\/api.w.org\/{rel}","templated":true}]}}