{"id":153142,"date":"2020-02-13T10:02:45","date_gmt":"2020-02-13T13:02:45","guid":{"rendered":"http:\/\/www.caririemacao.com\/1\/?p=153142"},"modified":"2020-02-13T10:02:46","modified_gmt":"2020-02-13T13:02:46","slug":"jovens-estao-entre-os-que-mais-perderam-renda-nos-ultimos-5-anos","status":"publish","type":"post","link":"https:\/\/www.caririemacao.com\/1\/2020\/02\/13\/jovens-estao-entre-os-que-mais-perderam-renda-nos-ultimos-5-anos\/","title":{"rendered":"Jovens est\u00e3o entre os que mais perderam renda nos \u00faltimos 5 anos"},"content":{"rendered":"\n<p>Dados da&nbsp;<strong>Pesquisa Nacional por Amostra de Domic\u00edlios Cont\u00ednua<\/strong>&nbsp;(<a href=\"http:\/\/cps.fgv.br\/\" target=\"_blank\" rel=\"noreferrer noopener\">PNADC<\/a>)&nbsp;revelam que os jovens s\u00e3o os que mais perderam renda nos \u00faltimos cinco anos. Outros grupos, como analfabetos, negros e moradores das regi\u00f5es Norte e Nordeste tamb\u00e9m apresentam redu\u00e7\u00f5es nos vencimentos de, pelos menos, duas vezes maior que a da m\u00e9dia geral.<\/p>\n\n\n\n<p>A queda na renda dos jovens pode ser explicada por diversos fatores como a crise econ\u00f4mica, o&nbsp;desemprego, a informaliza\u00e7\u00e3o e a precariza\u00e7\u00e3o do trabalho. Segundo o economista e diretor da Funda\u00e7\u00e3o Getulio Vargas Social (FGV Social),&nbsp;<strong>Marcelo Neri<\/strong>, s\u00e3o muitos os desafios a serem enfrentados pelos jovens para buscar a inser\u00e7\u00e3o no mercado de trabalho&nbsp;que, a cada dia, est\u00e1 mais competitivo e repleto de&nbsp;inova\u00e7\u00f5es tecnol\u00f3gicas:&nbsp;&#8220;A solu\u00e7\u00e3o para isso se d\u00e1 no mercado de trabalho e na pol\u00edtica educacional.&#8221;<\/p>\n\n\n\n<p>Confira na entrevista mais informa\u00e7\u00f5es sobre a renda dos jovens e o mercado do trabalho no player:<\/p>\n","protected":false},"excerpt":{"rendered":"<p>Dados da&nbsp;Pesquisa Nacional por Amostra de Domic\u00edlios Cont\u00ednua&nbsp;(PNADC)&nbsp;revelam que os jovens s\u00e3o os que mais perderam renda nos \u00faltimos cinco anos. Outros grupos, como analfabetos,&hellip; <\/p>\n","protected":false},"author":2,"featured_media":75242,"comment_status":"closed","ping_status":"closed","sticky":false,"template":"","format":"standard","meta":{"sfsi_plus_gutenberg_text_before_share":"","sfsi_plus_gutenberg_show_text_before_share":"","sfsi_plus_gutenberg_icon_type":"","sfsi_plus_gutenberg_icon_alignemt":"","sfsi_plus_gutenburg_max_per_row":"","footnotes":""},"categories":[2],"tags":[],"class_list":["post-153142","post","type-post","status-publish","format-standard","has-post-thumbnail","hentry","category-geral"],"_links":{"self":[{"href":"https:\/\/www.caririemacao.com\/1\/wp-json\/wp\/v2\/posts\/153142","targetHints":{"allow":["GET"]}}],"collection":[{"href":"https:\/\/www.caririemacao.com\/1\/wp-json\/wp\/v2\/posts"}],"about":[{"href":"https:\/\/www.caririemacao.com\/1\/wp-json\/wp\/v2\/types\/post"}],"author":[{"embeddable":true,"href":"https:\/\/www.caririemacao.com\/1\/wp-json\/wp\/v2\/users\/2"}],"replies":[{"embeddable":true,"href":"https:\/\/www.caririemacao.com\/1\/wp-json\/wp\/v2\/comments?post=153142"}],"version-history":[{"count":1,"href":"https:\/\/www.caririemacao.com\/1\/wp-json\/wp\/v2\/posts\/153142\/revisions"}],"predecessor-version":[{"id":153143,"href":"https:\/\/www.caririemacao.com\/1\/wp-json\/wp\/v2\/posts\/153142\/revisions\/153143"}],"wp:featuredmedia":[{"embeddable":true,"href":"https:\/\/www.caririemacao.com\/1\/wp-json\/wp\/v2\/media\/75242"}],"wp:attachment":[{"href":"https:\/\/www.caririemacao.com\/1\/wp-json\/wp\/v2\/media?parent=153142"}],"wp:term":[{"taxonomy":"category","embeddable":true,"href":"https:\/\/www.caririemacao.com\/1\/wp-json\/wp\/v2\/categories?post=153142"},{"taxonomy":"post_tag","embeddable":true,"href":"https:\/\/www.caririemacao.com\/1\/wp-json\/wp\/v2\/tags?post=153142"}],"curies":[{"name":"wp","href":"https:\/\/api.w.org\/{rel}","templated":true}]}}