{"id":153155,"date":"2020-02-13T10:21:51","date_gmt":"2020-02-13T13:21:51","guid":{"rendered":"http:\/\/www.caririemacao.com\/1\/?p=153155"},"modified":"2020-02-13T10:21:52","modified_gmt":"2020-02-13T13:21:52","slug":"ibram-producao-de-minerio-em-2019-caiu-mas-faturamento-cresceu","status":"publish","type":"post","link":"https:\/\/www.caririemacao.com\/1\/2020\/02\/13\/ibram-producao-de-minerio-em-2019-caiu-mas-faturamento-cresceu\/","title":{"rendered":"Ibram: produ\u00e7\u00e3o de min\u00e9rio em 2019 caiu, mas faturamento cresceu"},"content":{"rendered":"\n<p>Apesar dos impactos decorrentes da trag\u00e9dia de Brumadinho (MG) ocorrida em janeiro de 2019, o faturamento do setor de minera\u00e7\u00e3o no Brasil cresceu 39,2% no ano passado. O salto foi de R$ 110,2 bilh\u00f5es em 2018 para R$ 153,4 bilh\u00f5es no ano passado. Os dados constam em balan\u00e7o divulgado&nbsp;hoje&nbsp;(12) pelo Instituto Brasileiro de Minera\u00e7\u00e3o (Ibram), entidade que representa as maiores empresas do setor que atuam no pa\u00eds.<\/p>\n\n\n\n<p>A produ\u00e7\u00e3o de min\u00e9rio de ferro, no entanto, caiu. Os n\u00fameros oficiais de 2019 s\u00f3 devem ser conhecidos quando a Ag\u00eancia Nacional de Minera\u00e7\u00e3o (ANM) divulgar o Sum\u00e1rio Mineral, mas o Ibram estima que a queda foi de 8,8%. Segundo a entidade, a produ\u00e7\u00e3o saiu de 450 milh\u00f5es de toneladas em 2018 para cerca de 410 milh\u00f5es de toneladas em 2019.<\/p>\n\n\n\n<p>Fl\u00e1vio Ottoni Penido, diretor-presidente do Ibram, admitiu que a produ\u00e7\u00e3o do setor foi impactada pelo rompimento da barragem em&nbsp;<a href=\"http:\/\/agenciabrasil.ebc.com.br\/tags\/brumadinho\" target=\"_blank\" rel=\"noreferrer noopener\">Brumadinho<\/a>. A estrutura pertencia \u00e0 Vale, uma das associadas ao Ibram. A trag\u00e9dia, que deixou mais de 200 mortos, teve como consequ\u00eancia um pente-fino nas minas operadas por diversos empreendedores. Como resultado,&nbsp;<a href=\"http:\/\/agenciabrasil.ebc.com.br\/geral\/noticia\/2020-01\/vale-considerava-7-barragens-mais-criticas-que-de-brumadinho\" target=\"_blank\" rel=\"noreferrer noopener\">dezenas delas foram paralisadas<\/a>&nbsp;por decis\u00f5es judiciais ou por determina\u00e7\u00f5es da Ag\u00eancia Nacional de Minera\u00e7\u00e3o (ANM).<\/p>\n\n\n\n<blockquote class=\"wp-block-quote is-layout-flow wp-block-quote-is-layout-flow\"><p>&#8220;Quando houve o rompimento em Brumadinho, logo em seguida v\u00e1rias minas da Vale foram paralisadas. Algumas delas, at\u00e9 por decis\u00e3o espont\u00e2nea da mineradora. Embora uma parte da queda dessa produ\u00e7\u00e3o tenha come\u00e7ado a ser suprida nas minas da Vale no Par\u00e1, esse processo n\u00e3o avan\u00e7a de um dia para o outro&#8221;, disse Penido.<\/p><\/blockquote>\n\n\n\n<p>Se houve queda na produ\u00e7\u00e3o de min\u00e9rio de ferro, por outro lado, houve aumento de 3,5% nos agregados de constru\u00e7\u00e3o civil e de 17,4% no mangan\u00eas. Esses \u00edndices contribu\u00edram com o crescimento do faturamento do setor. Mas o desempenho das empresas tamb\u00e9m foi favorecido pela varia\u00e7\u00e3o do pre\u00e7o do min\u00e9rio de ferro. Segundo Penido, a flutua\u00e7\u00e3o foi influenciada pela trag\u00e9dia de Brumadinho. O valor m\u00e9dio da tonelada em 2018 no mercado internacional foi de US$ 69. Em 2019, ele saltou para US$ 93. Assim, apesar da queda na produ\u00e7\u00e3o, as empresas faturaram mais.<\/p>\n\n\n\n<blockquote class=\"wp-block-quote is-layout-flow wp-block-quote-is-layout-flow\"><p>&#8220;A partir do momento que houve a trag\u00e9dia, houve um questionamento sobre a capacidade do setor para atender a demanda de min\u00e9rio de ferro apresentada pelo mercado de a\u00e7o. E quando h\u00e1 incerteza, naturalmente os pre\u00e7os sobem. Logo ap\u00f3s a trag\u00e9dia, os pre\u00e7os subiram substancialmente chegando a valores at\u00e9 acima de US$ 100&#8221;, lembrou Penido.<\/p><\/blockquote>\n\n\n\n<p>Para 2020, no entanto, ele prev\u00ea uma queda do pre\u00e7o, devido em parte \u00e0 cont\u00ednua acomoda\u00e7\u00e3o do mercado em rela\u00e7\u00e3o \u00e0 trag\u00e9dia, mas tamb\u00e9m influenciada pela redu\u00e7\u00e3o de consumo da China. Segundo Penido, o fato de muitas barragens ainda estarem com as opera\u00e7\u00f5es suspensas no Brasil n\u00e3o far\u00e1 com que o valor se mantenha elevado. &#8220;Ainda temos minas paralisadas, mas a demanda j\u00e1 est\u00e1 suprida. Se houver uma retomada de consumo, o pre\u00e7o pode eventualmente subir. Mas essa n\u00e3o \u00e9 a expectativa de&nbsp;hoje&#8221;, disse o diretor-presidente do Ibram.<\/p>\n\n\n\n<blockquote class=\"wp-block-quote is-layout-flow wp-block-quote-is-layout-flow\"><p>&#8220;\u00c9 bom lembrar que o Brasil n\u00e3o \u00e9 o \u00fanico produtor de min\u00e9rio. O Brasil j\u00e1 demonstra sua capacidade de recupera\u00e7\u00e3o de produ\u00e7\u00e3o. Mas se n\u00e3o tivesse essa capacidade, os concorrentes australianos, por exemplo, come\u00e7ariam a suprir as demandas. Existem capacidades instaladas em diversos pa\u00edses produtores. Nem sempre os pa\u00edses produtores est\u00e3o operando a plena carga. Depende da demanda. Ent\u00e3o, em janeiro de 2019, quando saiu da oferta 50 milh\u00f5es de toneladas, n\u00e3o havia d\u00favida que o pre\u00e7o ia explodir. Mas o mercado se acomoda. A capacidade ociosa instalada passa a funcionar e a demanda come\u00e7a a ser saciada. E aos poucos os pre\u00e7os tendem a cair&#8221;, acrescentou.<\/p><\/blockquote>\n\n\n\n<p>A capacidade do setor de superar os preju\u00edzos econ\u00f4micos absorvidos ap\u00f3s a trag\u00e9dia de Brumadinho j\u00e1 havia sido indicada pelos balan\u00e7os da Vale. Ap\u00f3s apresentar saldos negativos nos dois primeiros trimestre, a mineradora compensou todas as perdas no terceiro trimestre ao registrar lucro l\u00edquido de R$6,5 bilh\u00f5es. O balan\u00e7o financeiro do quarto trimestre est\u00e1 previsto para ser divulgado no dia 20 deste m\u00eas.<\/p>\n\n\n\n<p>No final do ano passado, a Vale anunciou que<a href=\"http:\/\/agenciabrasil.ebc.com.br\/geral\/noticia\/2020-01\/vale-distribuira-acionistas-mais-que-dobro-do-gasto-com-indenizacoes\" target=\"_blank\" rel=\"noreferrer noopener\">&nbsp;distribuir\u00e1 R$ 7,25 bilh\u00f5es aos seus acionistas<\/a>, a t\u00edtulo de Juros sobre Capital Pr\u00f3prio (JCP). O repasse desse montante dos investidores n\u00e3o tem data para ocorrer j\u00e1 que a pol\u00edtica de remunera\u00e7\u00e3o da mineradora est\u00e1 suspensa por tempo indeterminado. Mas o valor divulgado gerou descontentamento entre os atingidos da trag\u00e9dia, que organizaram manifesta\u00e7\u00e3o para lembrar que os investimentos na repara\u00e7\u00e3o dos danos s\u00e3o inferiores. Segundo dados da Vale divulgados no final do m\u00eas passado, at\u00e9 o momento foram gastos R$ 2,8 bilh\u00f5es com indeniza\u00e7\u00f5es, doa\u00e7\u00f5es e aux\u00edlios-emergenciais. Considerando outras medidas de repara\u00e7\u00e3o e despesas decorrentes da trag\u00e9dia, j\u00e1 teriam sido desembolsados R$6 bilh\u00f5es.<\/p>\n\n\n\n<h2 class=\"wp-block-heading\">Exporta\u00e7\u00f5es<\/h2>\n\n\n\n<p>O balan\u00e7o do Ibram mostra ainda que a eleva\u00e7\u00e3o do pre\u00e7o do min\u00e9rio de ferro no mercado internacional permitiu que as exporta\u00e7\u00f5es, mesmo em volume inferior a 2018, tenham rendido mais em 2019. O setor mineral brasileiro registrou no ano passado uma alta de 9,73% no valor obtido com a exporta\u00e7\u00e3o&nbsp;do produto. Em 2018, os neg\u00f3cios com pa\u00edses estrangeiros renderam US$ 20,21 bilh\u00f5es. J\u00e1 no ano passado foram US$ 22,18 bilh\u00f5es. Em volume, no entanto, a exporta\u00e7\u00e3o caiu 12,6% de 2018 para 2019.<\/p>\n\n\n\n<p>O Brasil \u00e9 o segundo maior exportador global de min\u00e9rio de ferro. Tamb\u00e9m ocupa a&nbsp;segunda&nbsp;posi\u00e7\u00e3o no&nbsp;<em>ranking<\/em>&nbsp;de reservas. Debaixo do solo brasileiro h\u00e1 pelo menos 29 bilh\u00f5es de toneladas. Esse n\u00famero tende \u00e0 crescer na medida que forem realizadas pesquisas em \u00e1reas ainda n\u00e3o estudadas. As maiores reservas atualmente est\u00e3o nos estados de Minas Gerais e do Par\u00e1.<\/p>\n\n\n\n<p>O Ibram tamb\u00e9m apresentou dados de exporta\u00e7\u00e3o envolvendo outros minerais. O Brasil registrou alta de 27,73% nos valores obtidos com exporta\u00e7\u00e3o de ouro e de 18,92% com mangan\u00eas. Por outro lado, houve queda de 14,64% com o cobre. Em volume,&nbsp;o maior aumento&nbsp;foi registrado no mangan\u00eas. Em 2018, foram 2,61 milh\u00f5es de toneladas. Com uma alta de 45%, 2019 fechou com 3,79 milh\u00f5es de toneladas. De outro lado, o volume de exporta\u00e7\u00e3o de bauxita caiu 16,1%. Ao todo, as exporta\u00e7\u00f5es minerais renderam US$ 32,5 bilh\u00f5es em 2019. Trata-se de um crescimento de 8,49% na compara\u00e7\u00e3o com 2018.<\/p>\n\n\n\n<h2 class=\"wp-block-heading\">Investimentos<\/h2>\n\n\n\n<p>O balan\u00e7o mostra ainda que uma previs\u00e3o de aumento dos investimentos do setor mineral brasileiro para os pr\u00f3ximos cinco anos. Entre 2020 e 2024, o Ibram estima que ser\u00e3o aplicados US$ 32,5 bilh\u00f5es. No per\u00edodo anterior, de 2019 a 2023, a estimativa \u00e9 de 27,5 bilh\u00f5es. Entre 2018 e 2022, previsa-se um investimento de US$19,5 bilh\u00f5es.<\/p>\n\n\n\n<blockquote class=\"wp-block-quote is-layout-flow wp-block-quote-is-layout-flow\"><p>&#8220;Isso demonstra uma forte recupera\u00e7\u00e3o do setor. A pesquisa mineral deve dar um salto a partir de 2020, revertendo uma queda que n\u00f3s tivemos nos anos anteriores&#8221;, afirmou Penido.<\/p><\/blockquote>\n\n\n\n<p>Segundo o Ibram, h\u00e1 um aumento do n\u00famero de projetos divulgados pelas mineradoras, o que sinaliza uma confian\u00e7a dos investidores brasileiros e estrangeiros de que haver\u00e1 seguran\u00e7a jur\u00eddica para o avan\u00e7o de empreendimentos de m\u00e9dio e de longo prazo.<\/p>\n\n\n\n<p>Penido disse ainda que cerca de R$ 2,3 bilh\u00f5es de investimentos adicionais dever\u00e3o ser destinados para a seguran\u00e7a de barragens de rejeitos e para o descomissionamento e descaracteriza\u00e7\u00e3o de estruturas. Ap\u00f3s a trag\u00e9dia de Brumadinho,&nbsp;foi sancionada pelo governador mineiro Romeu Zema a Lei Estadual 23.291\/2019, que instituiu a Pol\u00edtica Estadual de Seguran\u00e7a de Barragens. Ela estabelece prazos para que o empreendedor respons\u00e1vel por barragem alteada a montante&nbsp;promova a descaracteriza\u00e7\u00e3o. Em \u00e2mbito nacional, a ANM editou uma&nbsp;<a href=\"http:\/\/agenciabrasil.ebc.com.br\/geral\/noticia\/2019-08\/agencia-amplia-prazo-para-eliminar-barragens-como-de-brumadinho\" target=\"_blank\" rel=\"noreferrer noopener\">resolu\u00e7\u00e3o<\/a>&nbsp;com determina\u00e7\u00e3o similar.<\/p>\n\n\n\n<p>Outro dado reunido no balan\u00e7o do Ibram revela um aumento expressivo de arrecada\u00e7\u00e3o da Compensa\u00e7\u00e3o Financeira pela Explora\u00e7\u00e3o de Recursos Minerais (CFEM), tributo conhecido como o<a href=\"http:\/\/http\/\/agenciabrasil.ebc.com.br\/economia\/noticia\/2017-07\/governo-eleva-royalties-sobre-minerios-e-cria-agencia-reguladora-para-o\" target=\"_blank\" rel=\"noreferrer noopener\">&nbsp;<em>royalty&nbsp;<\/em><\/a>do min\u00e9rio. Saiu de R$1,8 bilh\u00e3o em 2017, passou para R$3 bilh\u00f5es em 2018 e alcan\u00e7ou R$4,5 bilh\u00f5es em 2019. A alta \u00e9 influenciada pela Lei Federal 13.540\/2017, que&nbsp;modificou a base de c\u00e1lculo da CFEM. O tributo \u00e9 distribu\u00eddo entre as unidades federa\u00e7\u00e3o e os munic\u00edpios onde a atividade miner\u00e1ria ocorre e entre \u00f3rg\u00e3os administrativos da Uni\u00e3o.<\/p>\n","protected":false},"excerpt":{"rendered":"<p>Apesar dos impactos decorrentes da trag\u00e9dia de Brumadinho (MG) ocorrida em janeiro de 2019, o faturamento do setor de minera\u00e7\u00e3o no Brasil cresceu 39,2% no&hellip; <\/p>\n","protected":false},"author":2,"featured_media":153156,"comment_status":"closed","ping_status":"closed","sticky":false,"template":"","format":"standard","meta":{"sfsi_plus_gutenberg_text_before_share":"","sfsi_plus_gutenberg_show_text_before_share":"","sfsi_plus_gutenberg_icon_type":"","sfsi_plus_gutenberg_icon_alignemt":"","sfsi_plus_gutenburg_max_per_row":"","footnotes":""},"categories":[2],"tags":[],"class_list":["post-153155","post","type-post","status-publish","format-standard","has-post-thumbnail","hentry","category-geral"],"_links":{"self":[{"href":"https:\/\/www.caririemacao.com\/1\/wp-json\/wp\/v2\/posts\/153155","targetHints":{"allow":["GET"]}}],"collection":[{"href":"https:\/\/www.caririemacao.com\/1\/wp-json\/wp\/v2\/posts"}],"about":[{"href":"https:\/\/www.caririemacao.com\/1\/wp-json\/wp\/v2\/types\/post"}],"author":[{"embeddable":true,"href":"https:\/\/www.caririemacao.com\/1\/wp-json\/wp\/v2\/users\/2"}],"replies":[{"embeddable":true,"href":"https:\/\/www.caririemacao.com\/1\/wp-json\/wp\/v2\/comments?post=153155"}],"version-history":[{"count":1,"href":"https:\/\/www.caririemacao.com\/1\/wp-json\/wp\/v2\/posts\/153155\/revisions"}],"predecessor-version":[{"id":153157,"href":"https:\/\/www.caririemacao.com\/1\/wp-json\/wp\/v2\/posts\/153155\/revisions\/153157"}],"wp:featuredmedia":[{"embeddable":true,"href":"https:\/\/www.caririemacao.com\/1\/wp-json\/wp\/v2\/media\/153156"}],"wp:attachment":[{"href":"https:\/\/www.caririemacao.com\/1\/wp-json\/wp\/v2\/media?parent=153155"}],"wp:term":[{"taxonomy":"category","embeddable":true,"href":"https:\/\/www.caririemacao.com\/1\/wp-json\/wp\/v2\/categories?post=153155"},{"taxonomy":"post_tag","embeddable":true,"href":"https:\/\/www.caririemacao.com\/1\/wp-json\/wp\/v2\/tags?post=153155"}],"curies":[{"name":"wp","href":"https:\/\/api.w.org\/{rel}","templated":true}]}}