{"id":153158,"date":"2020-02-13T10:24:08","date_gmt":"2020-02-13T13:24:08","guid":{"rendered":"http:\/\/www.caririemacao.com\/1\/?p=153158"},"modified":"2020-02-13T10:24:10","modified_gmt":"2020-02-13T13:24:10","slug":"varejo-cresce-10-na-paraiba-que-registra-2o-maior-aumento-do-brasil","status":"publish","type":"post","link":"https:\/\/www.caririemacao.com\/1\/2020\/02\/13\/varejo-cresce-10-na-paraiba-que-registra-2o-maior-aumento-do-brasil\/","title":{"rendered":"Varejo cresce 10% na Para\u00edba, que registra 2\u00ba maior aumento do Brasil"},"content":{"rendered":"\n<p>As vendas de final de ano no com\u00e9rcio da Para\u00edba colocaram, novamente, o setor em destaque no cen\u00e1rio nacional, ao registrar o 2\u00ba maior crescimento do Pa\u00eds. De acordo com dados da Pesquisa Mensal de Com\u00e9rcio (PMC), divulgados nesta quarta-feira (12) pelo Instituto Brasileiro de Geografia e Estat\u00edstica (IBGE), as vendas apresentaram alta de 10% no m\u00eas de dezembro sobre o mesmo m\u00eas do ano anterior nas lojas comerciais do Estado, ficando atr\u00e1s apenas do Estado do Amap\u00e1, enquanto o Pa\u00eds registrou alta de 2,6% nas vendas.<\/p>\n","protected":false},"excerpt":{"rendered":"<p>As vendas de final de ano no com\u00e9rcio da Para\u00edba colocaram, novamente, o setor em destaque no cen\u00e1rio nacional, ao registrar o 2\u00ba maior crescimento&hellip; <\/p>\n","protected":false},"author":2,"featured_media":76407,"comment_status":"closed","ping_status":"closed","sticky":false,"template":"","format":"standard","meta":{"sfsi_plus_gutenberg_text_before_share":"","sfsi_plus_gutenberg_show_text_before_share":"","sfsi_plus_gutenberg_icon_type":"","sfsi_plus_gutenberg_icon_alignemt":"","sfsi_plus_gutenburg_max_per_row":"","footnotes":""},"categories":[2],"tags":[],"class_list":["post-153158","post","type-post","status-publish","format-standard","has-post-thumbnail","hentry","category-geral"],"_links":{"self":[{"href":"https:\/\/www.caririemacao.com\/1\/wp-json\/wp\/v2\/posts\/153158","targetHints":{"allow":["GET"]}}],"collection":[{"href":"https:\/\/www.caririemacao.com\/1\/wp-json\/wp\/v2\/posts"}],"about":[{"href":"https:\/\/www.caririemacao.com\/1\/wp-json\/wp\/v2\/types\/post"}],"author":[{"embeddable":true,"href":"https:\/\/www.caririemacao.com\/1\/wp-json\/wp\/v2\/users\/2"}],"replies":[{"embeddable":true,"href":"https:\/\/www.caririemacao.com\/1\/wp-json\/wp\/v2\/comments?post=153158"}],"version-history":[{"count":1,"href":"https:\/\/www.caririemacao.com\/1\/wp-json\/wp\/v2\/posts\/153158\/revisions"}],"predecessor-version":[{"id":153159,"href":"https:\/\/www.caririemacao.com\/1\/wp-json\/wp\/v2\/posts\/153158\/revisions\/153159"}],"wp:featuredmedia":[{"embeddable":true,"href":"https:\/\/www.caririemacao.com\/1\/wp-json\/wp\/v2\/media\/76407"}],"wp:attachment":[{"href":"https:\/\/www.caririemacao.com\/1\/wp-json\/wp\/v2\/media?parent=153158"}],"wp:term":[{"taxonomy":"category","embeddable":true,"href":"https:\/\/www.caririemacao.com\/1\/wp-json\/wp\/v2\/categories?post=153158"},{"taxonomy":"post_tag","embeddable":true,"href":"https:\/\/www.caririemacao.com\/1\/wp-json\/wp\/v2\/tags?post=153158"}],"curies":[{"name":"wp","href":"https:\/\/api.w.org\/{rel}","templated":true}]}}