{"id":153170,"date":"2020-02-13T11:45:35","date_gmt":"2020-02-13T14:45:35","guid":{"rendered":"http:\/\/www.caririemacao.com\/1\/?p=153170"},"modified":"2020-02-13T11:45:36","modified_gmt":"2020-02-13T14:45:36","slug":"sao-jose-dos-cordeiros-sera-palco-para-o-ii-encontro-para-discutir-o-crescimento-do-cariri-paraibano","status":"publish","type":"post","link":"https:\/\/www.caririemacao.com\/1\/2020\/02\/13\/sao-jose-dos-cordeiros-sera-palco-para-o-ii-encontro-para-discutir-o-crescimento-do-cariri-paraibano\/","title":{"rendered":"S\u00e3o Jos\u00e9 dos Cordeiros ser\u00e1 palco para o II Encontro para discutir o Crescimento do Cariri Paraibano"},"content":{"rendered":"\n<p>O desenvolvimento do Cariri, suas potencialidades e desafios s\u00e3o os assuntos que ser\u00e3o debatidos no segundo encontro \u201cO Cariri e o Semi\u00e1rido do tamanho do Brasil\u201d. O evento que est\u00e1 na segunda edi\u00e7\u00e3o e tem a realiza\u00e7\u00e3o do Rotary Clube e entidades parceiras ocorrer\u00e1 nesta sexta-feira, dia 14, na cidade de S\u00e3o Jos\u00e9 dos Cordeiros.<\/p>\n\n\n\n<p>Idealizador da iniciativa, o engenheiro e professor M\u00e1rio Antonino, afirmou que o evento objetiva reunir os pesquisadores, gestores e agentes engajados da sociedade caririzeira para discutir alternativas de desenvolvimento para uma regi\u00e3o que \u00e9 economicamente pobre, mas que na ess\u00eancia \u00e9 rica em recursos naturais e pode com tecnologias apropriadas crescer com sustentabilidade.<\/p>\n\n\n\n<p>O segundo encontro ser\u00e1 sediado em S\u00e3o Jos\u00e9 dos Cordeiros, a partir da iniciativa do prefeito Jefferson Roberto de levar para a cidade a importante discuss\u00e3o sobre o tema. O encontro come\u00e7ar\u00e1 \u00e0s 9hrs e se estender\u00e1 por todo o dia no audit\u00f3rio do CRAS.<\/p>\n\n\n\n<p>Segundo o prefeito Jefferson Roberto, entidades e a popula\u00e7\u00e3o em geral s\u00e3o convidadas a participar e discutir ativamente as perspectivas para um Cariri de oportunidades. \u201cS\u00e3o Jos\u00e9 dos Cordeiros quer n\u00e3o apenas colaborar, como tamb\u00e9m est\u00e1 inserida no processo de desenvolvimento para a regi\u00e3o e por isso tem o prazer de sediar esse encontro\u201d, destacou o gestor.<\/p>\n\n\n\n<p><strong>Confira a programa\u00e7\u00e3o:<\/strong><\/p>\n\n\n\n<div class=\"wp-block-image\"><figure class=\"aligncenter\"><img decoding=\"async\" data-src=\"http:\/\/deolhonocariri.com.br\/wp-content\/uploads\/2020\/02\/86625239_218077766026873_762138179988881408_n.jpg\" alt=\"\" class=\"wp-image-77895 lazyload\" src=\"data:image\/svg+xml;base64,PHN2ZyB3aWR0aD0iMSIgaGVpZ2h0PSIxIiB4bWxucz0iaHR0cDovL3d3dy53My5vcmcvMjAwMC9zdmciPjwvc3ZnPg==\" \/><\/figure><\/div>\n","protected":false},"excerpt":{"rendered":"<p>O desenvolvimento do Cariri, suas potencialidades e desafios s\u00e3o os assuntos que ser\u00e3o debatidos no segundo encontro \u201cO Cariri e o Semi\u00e1rido do tamanho do&hellip; <\/p>\n","protected":false},"author":2,"featured_media":153172,"comment_status":"closed","ping_status":"closed","sticky":false,"template":"","format":"standard","meta":{"sfsi_plus_gutenberg_text_before_share":"","sfsi_plus_gutenberg_show_text_before_share":"","sfsi_plus_gutenberg_icon_type":"","sfsi_plus_gutenberg_icon_alignemt":"","sfsi_plus_gutenburg_max_per_row":"","footnotes":""},"categories":[2],"tags":[],"class_list":["post-153170","post","type-post","status-publish","format-standard","has-post-thumbnail","hentry","category-geral"],"_links":{"self":[{"href":"https:\/\/www.caririemacao.com\/1\/wp-json\/wp\/v2\/posts\/153170","targetHints":{"allow":["GET"]}}],"collection":[{"href":"https:\/\/www.caririemacao.com\/1\/wp-json\/wp\/v2\/posts"}],"about":[{"href":"https:\/\/www.caririemacao.com\/1\/wp-json\/wp\/v2\/types\/post"}],"author":[{"embeddable":true,"href":"https:\/\/www.caririemacao.com\/1\/wp-json\/wp\/v2\/users\/2"}],"replies":[{"embeddable":true,"href":"https:\/\/www.caririemacao.com\/1\/wp-json\/wp\/v2\/comments?post=153170"}],"version-history":[{"count":1,"href":"https:\/\/www.caririemacao.com\/1\/wp-json\/wp\/v2\/posts\/153170\/revisions"}],"predecessor-version":[{"id":153173,"href":"https:\/\/www.caririemacao.com\/1\/wp-json\/wp\/v2\/posts\/153170\/revisions\/153173"}],"wp:featuredmedia":[{"embeddable":true,"href":"https:\/\/www.caririemacao.com\/1\/wp-json\/wp\/v2\/media\/153172"}],"wp:attachment":[{"href":"https:\/\/www.caririemacao.com\/1\/wp-json\/wp\/v2\/media?parent=153170"}],"wp:term":[{"taxonomy":"category","embeddable":true,"href":"https:\/\/www.caririemacao.com\/1\/wp-json\/wp\/v2\/categories?post=153170"},{"taxonomy":"post_tag","embeddable":true,"href":"https:\/\/www.caririemacao.com\/1\/wp-json\/wp\/v2\/tags?post=153170"}],"curies":[{"name":"wp","href":"https:\/\/api.w.org\/{rel}","templated":true}]}}