{"id":153175,"date":"2020-02-13T11:47:14","date_gmt":"2020-02-13T14:47:14","guid":{"rendered":"http:\/\/www.caririemacao.com\/1\/?p=153175"},"modified":"2020-02-13T11:47:15","modified_gmt":"2020-02-13T14:47:15","slug":"surto-hubei-confirma-242-mortes-por-coronavirus-em-apenas-um-dia","status":"publish","type":"post","link":"https:\/\/www.caririemacao.com\/1\/2020\/02\/13\/surto-hubei-confirma-242-mortes-por-coronavirus-em-apenas-um-dia\/","title":{"rendered":"SURTO: Hubei confirma 242 mortes por coronav\u00edrus em apenas um dia"},"content":{"rendered":"\n<p>Hubei, epicentro do coronav\u00edrus na China, confirmou 242 novas mortes nesta quarta-feira (12). A regi\u00e3o registrou 14.840 casos no \u00faltimo dia, sendo que 13.332 foram diagnosticados de forma cl\u00ednica. Ao todo, apenas na prov\u00edncia, s\u00e3o 48.206 casos do Covid-19.<\/p>\n\n\n\n<p>As autoridades de sa\u00fade chinesas mudaram os crit\u00e9rios diagn\u00f3sticos da doen\u00e7a, passando a aceitar relat\u00f3rios cl\u00ednicos dos sintomas, n\u00e3o apenas os testes em laborat\u00f3rio. Com isso, o n\u00famero de casos confirmados deu um salto. Normalmente, estavam sendo confirmadas de 2 mil a 3 mil novas infec\u00e7\u00f5es por dia.<\/p>\n\n\n\n<p><strong>Dados de Hubei:<\/strong><br>33.693 pacientes em hospitais<br>9.028 casos suspeitos<br>77.308 pessoas est\u00e3o sob observa\u00e7\u00e3o<\/p>\n\n\n\n<p>Mais cedo, a cidade de Londres confirmou seu primeiro caso da doen\u00e7a. Este \u00e9 o nono caso de infec\u00e7\u00e3o na Inglaterra. O paciente teria contra\u00eddo o v\u00edrus na China antes de chegar ao pa\u00eds. J\u00e1 os Estados Unidos confirmaram o segundo caso local da doen\u00e7a.<\/p>\n\n\n\n<p><strong>Reuni\u00e3o da OMS<\/strong><\/p>\n\n\n\n<p>Nos \u00faltimos dois dias, mais de 300 especialistas em sa\u00fade se reuniram na sede da Organiza\u00e7\u00e3o Mundial da Sa\u00fade (OMS), em Genebra, para avaliar o risco de dissemina\u00e7\u00e3o do Covid-19.<\/p>\n\n\n\n<p>\u201cEsta reuni\u00e3o nos permitiu identificar as prioridades para a pesquisa [do Covid-19]. Como grupo de financiadores, continuaremos a mobilizar, coordenar e alinhar nosso financiamento para permitir a pesquisa necess\u00e1ria para enfrentar esta crise e interromper o surto, em parceria com a OMS\u201d, disse o professor Yazdan Yazdanpanah, presidente do GloPID-R, grupo de \u201cColabora\u00e7\u00e3o em Pesquisa Global para a Preven\u00e7\u00e3o de Doen\u00e7as Infecciosas\u201d.<\/p>\n\n\n\n<p>A OMS disse que o mundo enfrenta uma escassez de trajes, m\u00e1scaras, luvas e outros formas de prote\u00e7\u00e3o para se prevenir contra o surto do novo coronav\u00edrus e assegurou que a organiza\u00e7\u00e3o enviar\u00e1 equipamentos para na\u00e7\u00f5es mais vulner\u00e1veis.<\/p>\n\n\n\n<p>\u201cVamos identificar os gargalos, encontrar solu\u00e7\u00f5es e garantir equil\u00edbrio na distribui\u00e7\u00e3o de equipamentos\u201d, disse o diretor-geral da OMS, Tedros Adhanom Ghebreyesus.<\/p>\n\n\n\n<p>A ag\u00eancia de sa\u00fade da ONU pediu que os equipamentos sejam adquiridos apenas quando necess\u00e1rio e que profissionais da sa\u00fade de \u00e1reas de risco tenham o acesso garantido aos materiais.<\/p>\n\n\n\n<p>\u201cProfissionais da sa\u00fade devem ter prioridade para receber estes materiais. Em segundo lugar est\u00e3o os doentes e seus cuidadores\u201d, disse Ghebreyesus. \u201cA OMS n\u00e3o encoraja que estas formas de prote\u00e7\u00e3o sejam adquiridas e estocada em pa\u00edses onde os riscos de transmiss\u00e3o s\u00e3o baixos.\u201d<\/p>\n\n\n\n<p><em>G1<\/em><\/p>\n","protected":false},"excerpt":{"rendered":"<p>Hubei, epicentro do coronav\u00edrus na China, confirmou 242 novas mortes nesta quarta-feira (12). A regi\u00e3o registrou 14.840 casos no \u00faltimo dia, sendo que 13.332 foram&hellip; <\/p>\n","protected":false},"author":2,"featured_media":153176,"comment_status":"closed","ping_status":"closed","sticky":false,"template":"","format":"standard","meta":{"sfsi_plus_gutenberg_text_before_share":"","sfsi_plus_gutenberg_show_text_before_share":"","sfsi_plus_gutenberg_icon_type":"","sfsi_plus_gutenberg_icon_alignemt":"","sfsi_plus_gutenburg_max_per_row":"","footnotes":""},"categories":[2],"tags":[],"class_list":["post-153175","post","type-post","status-publish","format-standard","has-post-thumbnail","hentry","category-geral"],"_links":{"self":[{"href":"https:\/\/www.caririemacao.com\/1\/wp-json\/wp\/v2\/posts\/153175","targetHints":{"allow":["GET"]}}],"collection":[{"href":"https:\/\/www.caririemacao.com\/1\/wp-json\/wp\/v2\/posts"}],"about":[{"href":"https:\/\/www.caririemacao.com\/1\/wp-json\/wp\/v2\/types\/post"}],"author":[{"embeddable":true,"href":"https:\/\/www.caririemacao.com\/1\/wp-json\/wp\/v2\/users\/2"}],"replies":[{"embeddable":true,"href":"https:\/\/www.caririemacao.com\/1\/wp-json\/wp\/v2\/comments?post=153175"}],"version-history":[{"count":1,"href":"https:\/\/www.caririemacao.com\/1\/wp-json\/wp\/v2\/posts\/153175\/revisions"}],"predecessor-version":[{"id":153177,"href":"https:\/\/www.caririemacao.com\/1\/wp-json\/wp\/v2\/posts\/153175\/revisions\/153177"}],"wp:featuredmedia":[{"embeddable":true,"href":"https:\/\/www.caririemacao.com\/1\/wp-json\/wp\/v2\/media\/153176"}],"wp:attachment":[{"href":"https:\/\/www.caririemacao.com\/1\/wp-json\/wp\/v2\/media?parent=153175"}],"wp:term":[{"taxonomy":"category","embeddable":true,"href":"https:\/\/www.caririemacao.com\/1\/wp-json\/wp\/v2\/categories?post=153175"},{"taxonomy":"post_tag","embeddable":true,"href":"https:\/\/www.caririemacao.com\/1\/wp-json\/wp\/v2\/tags?post=153175"}],"curies":[{"name":"wp","href":"https:\/\/api.w.org\/{rel}","templated":true}]}}