{"id":153178,"date":"2020-02-13T11:51:44","date_gmt":"2020-02-13T14:51:44","guid":{"rendered":"http:\/\/www.caririemacao.com\/1\/?p=153178"},"modified":"2020-02-13T11:51:45","modified_gmt":"2020-02-13T14:51:45","slug":"alerta-sobre-possibilidade-de-chuvas-intensas-em-127-cidades-paraibanas","status":"publish","type":"post","link":"https:\/\/www.caririemacao.com\/1\/2020\/02\/13\/alerta-sobre-possibilidade-de-chuvas-intensas-em-127-cidades-paraibanas\/","title":{"rendered":"Alerta sobre possibilidade de chuvas intensas em 127 cidades paraibanas"},"content":{"rendered":"\n<p>m alerta de perigo potencial de chuvas intensas foi emitido pelo Instituto Nacional de Meteorologia (Inmet) e direcionado para 127 munic\u00edpios paraibanos, divididos nas regi\u00f5es do Cariri, Agreste, Brejo, Serid\u00f3, Mata e Litoral, incluindo Jo\u00e3o Pessoa e Campina Grande, os dois maiores do Estado.<\/p>\n\n\n\n<p>O aviso foi publicado \u00e0s 8h10 desta quinta-feira (13), e tem previs\u00e3o at\u00e9 a manh\u00e3 de sexta-feira (14), com chuvas entre 20 e 30 mm por hora, e at\u00e9 50 mm por dia. O comunicado tamb\u00e9m indica que podem ocorrer ventos intensos entre 40 a 60 km por hora.<\/p>\n\n\n\n<figure class=\"wp-block-image\"><img decoding=\"async\" data-src=\"https:\/\/paraibaonline.com.br\/wp-content\/uploads\/2019\/12\/chuvas-desastres1712.jpg\" alt=\"T\u00e2nia R\u00eago\/Ag\u00eancia Brasil\" class=\"wp-image-825616 lazyload\" src=\"data:image\/svg+xml;base64,PHN2ZyB3aWR0aD0iMSIgaGVpZ2h0PSIxIiB4bWxucz0iaHR0cDovL3d3dy53My5vcmcvMjAwMC9zdmciPjwvc3ZnPg==\" \/><\/figure>\n\n\n\n<p>Foto ilustrativa: T\u00e2nia R\u00eago\/Ag\u00eancia Brasil<\/p>\n\n\n\n<p>O Inmet divulgou tamb\u00e9m algumas instru\u00e7\u00f5es para situa\u00e7\u00f5es espec\u00edficas como: n\u00e3o se abrigar debaixo de \u00e1rvores, em caso de rajadas de vento; evitar utilizar aparelhos eletr\u00f4nicos ligados na tomada; evitar estacionar ve\u00edculos pr\u00f3ximos a torres de transmiss\u00e3o e placas de publicidade.<\/p>\n\n\n\n<p>No entanto, mesmo com as indica\u00e7\u00f5es, o Instituto, ainda no alerta, argumentou que o risco de corte de energia el\u00e9trica, quedas de \u00e1rvores, alagamentos e descarga el\u00e9trica \u00e9 baixo, por\u00e9m, em casos de emerg\u00eancia ou para mais informa\u00e7\u00f5es \u00e9 poss\u00edvel contatar a Defesa Civil, atrav\u00e9s do telefone 199, e o Corpo de Bombeiros, no telefone 193.<\/p>\n\n\n\n<p>Segue abaixo a lista com os munic\u00edpios publicados no alerta:<\/p>\n\n\n\n<p>Alagoa Grande;<\/p>\n\n\n\n<p>Alagoa Nova;<\/p>\n\n\n\n<p>Alagoinha;<\/p>\n\n\n\n<p>Alcantil;<\/p>\n\n\n\n<p>Algod\u00e3o de Janda\u00edra;<\/p>\n\n\n\n<p>Alhandra;<\/p>\n\n\n\n<p>Arara;<\/p>\n\n\n\n<p>Araruna;<\/p>\n\n\n\n<p>Ara\u00e7agi;<\/p>\n\n\n\n<p>Areia;<\/p>\n\n\n\n<p>Areial;<\/p>\n\n\n\n<p>Aroeiras;<\/p>\n\n\n\n<p>Bananeiras;<\/p>\n\n\n\n<p>Bara\u00fana;<\/p>\n\n\n\n<p>Barra de Santa Rosa;<\/p>\n\n\n\n<p>Barra de Santana;<\/p>\n\n\n\n<p>Barra de S\u00e3o Miguel;<\/p>\n\n\n\n<p>Bayeux;<\/p>\n\n\n\n<p>Ba\u00eda da Trai\u00e7\u00e3o;<\/p>\n\n\n\n<p>Bel\u00e9m;<\/p>\n\n\n\n<p>Boa Vista;<\/p>\n\n\n\n<p>Boqueir\u00e3o;<\/p>\n\n\n\n<p>Borborema;<\/p>\n\n\n\n<p>Caapor\u00e3;<\/p>\n\n\n\n<p>Cabaceiras;<\/p>\n\n\n\n<p>Cacimba de Dentro;<\/p>\n\n\n\n<p>Cai\u00e7ara;<\/p>\n\n\n\n<p>Caldas Brand\u00e3o;<\/p>\n\n\n\n<p>Camala\u00fa;<\/p>\n\n\n\n<p>Campina Grande;<\/p>\n\n\n\n<p>Capim;<\/p>\n\n\n\n<p>Cara\u00fabas;<\/p>\n\n\n\n<p>Casserengue;<\/p>\n\n\n\n<p>Caturit\u00e9;<\/p>\n\n\n\n<p>Conde;<\/p>\n\n\n\n<p>Congo;<\/p>\n\n\n\n<p>Coxixola;<\/p>\n\n\n\n<p>Cruz do Esp\u00edrito Santo;<\/p>\n\n\n\n<p>Cubati;<\/p>\n\n\n\n<p>Cuitegi;<\/p>\n\n\n\n<p>Cuit\u00e9;<\/p>\n\n\n\n<p>Cuit\u00e9 de Mamanguape;<\/p>\n\n\n\n<p>Curral de Cima;<\/p>\n\n\n\n<p>Dami\u00e3o;<\/p>\n\n\n\n<p>Dona In\u00eas;<\/p>\n\n\n\n<p>Duas Estradas;<\/p>\n\n\n\n<p>Esperan\u00e7a;<\/p>\n\n\n\n<p>Fagundes;<\/p>\n\n\n\n<p>Frei Martinho;<\/p>\n\n\n\n<p>Gado Bravo;<\/p>\n\n\n\n<p>Guarabira;<\/p>\n\n\n\n<p>Gurinh\u00e9m;<\/p>\n\n\n\n<p>Gurj\u00e3o;<\/p>\n\n\n\n<p>Ing\u00e1;<\/p>\n\n\n\n<p>Itabaiana;<\/p>\n\n\n\n<p>Itapororoca;<\/p>\n\n\n\n<p>Itatuba;<\/p>\n\n\n\n<p>Jacara\u00fa;<\/p>\n\n\n\n<p>Jo\u00e3o Pessoa;<\/p>\n\n\n\n<p>Juarez T\u00e1vora;<\/p>\n\n\n\n<p>Juazeirinho;<\/p>\n\n\n\n<p>Junco do Serid\u00f3;<\/p>\n\n\n\n<p>Juripiranga;<\/p>\n\n\n\n<p>Lagoa de Dentro;<\/p>\n\n\n\n<p>Lagoa Seca;<\/p>\n\n\n\n<p>Logradouro;<\/p>\n\n\n\n<p>Lucena;<\/p>\n\n\n\n<p>Mamanguape;<\/p>\n\n\n\n<p>Marca\u00e7\u00e3o;<\/p>\n\n\n\n<p>Mari;<\/p>\n\n\n\n<p>Massaranduba;<\/p>\n\n\n\n<p>Mataraca;<\/p>\n\n\n\n<p>Matinhas;<\/p>\n\n\n\n<p>Mogeiro;<\/p>\n\n\n\n<p>Montadas;<\/p>\n\n\n\n<p>Monteiro;<\/p>\n\n\n\n<p>Mulungu;<\/p>\n\n\n\n<p>Natuba;<\/p>\n\n\n\n<p>Nova Floresta;<\/p>\n\n\n\n<p>Nova Palmeira;<\/p>\n\n\n\n<p>Olivedos;<\/p>\n\n\n\n<p>Parari;<\/p>\n\n\n\n<p>Pedra Lavrada;<\/p>\n\n\n\n<p>Pedras de Fogo;<\/p>\n\n\n\n<p>Pedro R\u00e9gis;<\/p>\n\n\n\n<p>Picu\u00ed;<\/p>\n\n\n\n<p>Pilar;<\/p>\n\n\n\n<p>Pil\u00f5es;<\/p>\n\n\n\n<p>Pil\u00f5ezinhos;<\/p>\n\n\n\n<p>Pirpirituba;<\/p>\n\n\n\n<p>Pitimbu;<\/p>\n\n\n\n<p>Pocinhos;<\/p>\n\n\n\n<p>Puxinan\u00e3;<\/p>\n\n\n\n<p>Queimadas;<\/p>\n\n\n\n<p>Rem\u00edgio;<\/p>\n\n\n\n<p>Riacho de Santo Ant\u00f4nio;<\/p>\n\n\n\n<p>Riach\u00e3o;<\/p>\n\n\n\n<p>Riach\u00e3o do Bacamarte;<\/p>\n\n\n\n<p>Riach\u00e3o do Po\u00e7o;<\/p>\n\n\n\n<p>Rio Tinto;<\/p>\n\n\n\n<p>Salgado de S\u00e3o F\u00e9lix;<\/p>\n\n\n\n<p>Santa Cec\u00edlia;<\/p>\n\n\n\n<p>Santa Rita;<\/p>\n\n\n\n<p>Santo Andr\u00e9;<\/p>\n\n\n\n<p>Sap\u00e9;<\/p>\n\n\n\n<p>Serra Branca;<\/p>\n\n\n\n<p>Serra da Raiz;<\/p>\n\n\n\n<p>Serra Redonda;<\/p>\n\n\n\n<p>Serraria;<\/p>\n\n\n\n<p>Sert\u00e3ozinho;<\/p>\n\n\n\n<p>Sobrado;<\/p>\n\n\n\n<p>Soledade;<\/p>\n\n\n\n<p>Sol\u00e2nea;<\/p>\n\n\n\n<p>Sossego;<\/p>\n\n\n\n<p>Sum\u00e9;<\/p>\n\n\n\n<p>S\u00e3o Domingos do Cariri;<\/p>\n\n\n\n<p>S\u00e3o Jos\u00e9 dos Ramos;<\/p>\n\n\n\n<p>S\u00e3o Jo\u00e3o do Cariri;<\/p>\n\n\n\n<p>S\u00e3o Jo\u00e3o do Tigre;<\/p>\n\n\n\n<p>S\u00e3o Miguel de Taipu;<\/p>\n\n\n\n<p>S\u00e3o Sebasti\u00e3o de Lagoa de Ro\u00e7a;<\/p>\n\n\n\n<p>S\u00e3o Sebasti\u00e3o do Umbuzeiro;<\/p>\n\n\n\n<p>S\u00e3o Vicente do Serid\u00f3;<\/p>\n\n\n\n<p>Tacima;<\/p>\n\n\n\n<p>Ten\u00f3rio;<\/p>\n\n\n\n<p>Umbuzeiro;<\/p>\n\n\n\n<p>Zabel\u00ea.<\/p>\n","protected":false},"excerpt":{"rendered":"<p>m alerta de perigo potencial de chuvas intensas foi emitido pelo Instituto Nacional de Meteorologia (Inmet) e direcionado para 127 munic\u00edpios paraibanos, divididos nas regi\u00f5es&hellip; <\/p>\n","protected":false},"author":2,"featured_media":153181,"comment_status":"closed","ping_status":"closed","sticky":false,"template":"","format":"standard","meta":{"sfsi_plus_gutenberg_text_before_share":"","sfsi_plus_gutenberg_show_text_before_share":"","sfsi_plus_gutenberg_icon_type":"","sfsi_plus_gutenberg_icon_alignemt":"","sfsi_plus_gutenburg_max_per_row":"","footnotes":""},"categories":[6],"tags":[],"class_list":["post-153178","post","type-post","status-publish","format-standard","has-post-thumbnail","hentry","category-cidades"],"_links":{"self":[{"href":"https:\/\/www.caririemacao.com\/1\/wp-json\/wp\/v2\/posts\/153178","targetHints":{"allow":["GET"]}}],"collection":[{"href":"https:\/\/www.caririemacao.com\/1\/wp-json\/wp\/v2\/posts"}],"about":[{"href":"https:\/\/www.caririemacao.com\/1\/wp-json\/wp\/v2\/types\/post"}],"author":[{"embeddable":true,"href":"https:\/\/www.caririemacao.com\/1\/wp-json\/wp\/v2\/users\/2"}],"replies":[{"embeddable":true,"href":"https:\/\/www.caririemacao.com\/1\/wp-json\/wp\/v2\/comments?post=153178"}],"version-history":[{"count":1,"href":"https:\/\/www.caririemacao.com\/1\/wp-json\/wp\/v2\/posts\/153178\/revisions"}],"predecessor-version":[{"id":153182,"href":"https:\/\/www.caririemacao.com\/1\/wp-json\/wp\/v2\/posts\/153178\/revisions\/153182"}],"wp:featuredmedia":[{"embeddable":true,"href":"https:\/\/www.caririemacao.com\/1\/wp-json\/wp\/v2\/media\/153181"}],"wp:attachment":[{"href":"https:\/\/www.caririemacao.com\/1\/wp-json\/wp\/v2\/media?parent=153178"}],"wp:term":[{"taxonomy":"category","embeddable":true,"href":"https:\/\/www.caririemacao.com\/1\/wp-json\/wp\/v2\/categories?post=153178"},{"taxonomy":"post_tag","embeddable":true,"href":"https:\/\/www.caririemacao.com\/1\/wp-json\/wp\/v2\/tags?post=153178"}],"curies":[{"name":"wp","href":"https:\/\/api.w.org\/{rel}","templated":true}]}}