{"id":153183,"date":"2020-02-13T11:52:56","date_gmt":"2020-02-13T14:52:56","guid":{"rendered":"http:\/\/www.caririemacao.com\/1\/?p=153183"},"modified":"2020-02-13T11:52:58","modified_gmt":"2020-02-13T14:52:58","slug":"ex-tecnico-da-selecao-da-inglaterra-pode-assumir-base-e-ser-manager-do-botafogo-pb","status":"publish","type":"post","link":"https:\/\/www.caririemacao.com\/1\/2020\/02\/13\/ex-tecnico-da-selecao-da-inglaterra-pode-assumir-base-e-ser-manager-do-botafogo-pb\/","title":{"rendered":"Ex-t\u00e9cnico da Sele\u00e7\u00e3o da Inglaterra pode assumir base e ser manager do Botafogo-PB"},"content":{"rendered":"\n<p>O ex-t\u00e9cnico da Sele\u00e7\u00e3o da Inglaterra, Sven-G\u00f6ran Eriksson poder\u00e1 ser o novo comandante do Botafogo da Para\u00edba, conforme publica\u00e7\u00e3o do clube nas redes sociais (veja abaixo). O Belo iniciou a negocia\u00e7\u00e3o com o super campe\u00e3o sueco da UEFA, Supercopa Europeia, Recopa Europeu para ocupar cargo de manager do clube.<\/p>\n\n\n\n<p>De acordo com a publica\u00e7\u00e3o do Botafogo-PB, o ex-jogador noruegu\u00eas Lars Bakkerud chegou a Jo\u00e3o Pessoa na \u00faltima sexta-feira (7),&nbsp;para visitar o Centro de Treinamento do clube, representando o ex-treinador Sven-G\u00f6ran Eriksson.<\/p>\n\n\n\n<p>Inicialmente trata-se de uma visita de estudo de viabilidade, mas abre a negocia\u00e7\u00e3o para confirmar parcerias e a terceiriza\u00e7\u00e3o das categorias de base do clube, com investimentos profissionais e patrimoniais.<\/p>\n\n\n\n<p>O desejo do presidente do Botafogo-PB, S\u00e9rgio Meira, \u00e9 fazer uma parceria com a Eriksson Management, com investimentos profissionais e patrimoniais, e a implanta\u00e7\u00e3o de um n\u00facleo de prepara\u00e7\u00e3o e forma\u00e7\u00e3o de jogadores brasileiros e estrangeiros, com t\u00e9cnicas e t\u00e1ticas no estilo europeu.<\/p>\n\n\n\n<figure><iframe data-src=\"https:\/\/www.youtube.com\/embed\/qxz4dQ0xaUQ\" allowfullscreen=\"\" width=\"560\" height=\"315\" src=\"data:image\/svg+xml;base64,PHN2ZyB3aWR0aD0iMSIgaGVpZ2h0PSIxIiB4bWxucz0iaHR0cDovL3d3dy53My5vcmcvMjAwMC9zdmciPjwvc3ZnPg==\" class=\"lazyload\" data-load-mode=\"1\"><\/iframe><\/figure>\n","protected":false},"excerpt":{"rendered":"<p>O ex-t\u00e9cnico da Sele\u00e7\u00e3o da Inglaterra, Sven-G\u00f6ran Eriksson poder\u00e1 ser o novo comandante do Botafogo da Para\u00edba, conforme publica\u00e7\u00e3o do clube nas redes sociais (veja&hellip; <\/p>\n","protected":false},"author":2,"featured_media":153184,"comment_status":"closed","ping_status":"closed","sticky":false,"template":"","format":"standard","meta":{"sfsi_plus_gutenberg_text_before_share":"","sfsi_plus_gutenberg_show_text_before_share":"","sfsi_plus_gutenberg_icon_type":"","sfsi_plus_gutenberg_icon_alignemt":"","sfsi_plus_gutenburg_max_per_row":"","footnotes":""},"categories":[13],"tags":[],"class_list":["post-153183","post","type-post","status-publish","format-standard","has-post-thumbnail","hentry","category-esportes"],"_links":{"self":[{"href":"https:\/\/www.caririemacao.com\/1\/wp-json\/wp\/v2\/posts\/153183","targetHints":{"allow":["GET"]}}],"collection":[{"href":"https:\/\/www.caririemacao.com\/1\/wp-json\/wp\/v2\/posts"}],"about":[{"href":"https:\/\/www.caririemacao.com\/1\/wp-json\/wp\/v2\/types\/post"}],"author":[{"embeddable":true,"href":"https:\/\/www.caririemacao.com\/1\/wp-json\/wp\/v2\/users\/2"}],"replies":[{"embeddable":true,"href":"https:\/\/www.caririemacao.com\/1\/wp-json\/wp\/v2\/comments?post=153183"}],"version-history":[{"count":1,"href":"https:\/\/www.caririemacao.com\/1\/wp-json\/wp\/v2\/posts\/153183\/revisions"}],"predecessor-version":[{"id":153185,"href":"https:\/\/www.caririemacao.com\/1\/wp-json\/wp\/v2\/posts\/153183\/revisions\/153185"}],"wp:featuredmedia":[{"embeddable":true,"href":"https:\/\/www.caririemacao.com\/1\/wp-json\/wp\/v2\/media\/153184"}],"wp:attachment":[{"href":"https:\/\/www.caririemacao.com\/1\/wp-json\/wp\/v2\/media?parent=153183"}],"wp:term":[{"taxonomy":"category","embeddable":true,"href":"https:\/\/www.caririemacao.com\/1\/wp-json\/wp\/v2\/categories?post=153183"},{"taxonomy":"post_tag","embeddable":true,"href":"https:\/\/www.caririemacao.com\/1\/wp-json\/wp\/v2\/tags?post=153183"}],"curies":[{"name":"wp","href":"https:\/\/api.w.org\/{rel}","templated":true}]}}