{"id":153187,"date":"2020-02-13T11:54:22","date_gmt":"2020-02-13T14:54:22","guid":{"rendered":"http:\/\/www.caririemacao.com\/1\/?p=153187"},"modified":"2020-02-13T11:54:24","modified_gmt":"2020-02-13T14:54:24","slug":"rio-grande-do-norte-pode-ter-primeiro-caso-de-coronavirus-do-brasil-paciente-teve-contato-com-chineses-em-pipa","status":"publish","type":"post","link":"https:\/\/www.caririemacao.com\/1\/2020\/02\/13\/rio-grande-do-norte-pode-ter-primeiro-caso-de-coronavirus-do-brasil-paciente-teve-contato-com-chineses-em-pipa\/","title":{"rendered":"Rio Grande do Norte pode ter primeiro caso de coronav\u00edrus do Brasil; paciente teve contato com chineses em Pipa"},"content":{"rendered":"\n<p>A Secretaria de Sa\u00fade P\u00fablica do Rio Grande do Norte est\u00e1 averiguando um caso suspeito do novo Coronav\u00edrus e marcou uma coletiva de imprensa para esta sexta-feira (14) para dar mais detalhes sobre a situa\u00e7\u00e3o do paciente, que est\u00e1 internado no hospital Giselda Trigueiro, em Natal.<\/p>\n\n\n\n<p>As informa\u00e7\u00f5es s\u00e3o de que o homem deu entrada no hospital com sintomas de gripe, na noite dessa quarta-feira (12). A suspeita ocorre porque o paciente informou que teve contato com chineses, na praia de Pipa, mas ainda n\u00e3o se sabe h\u00e1 quanto tempo esses chineses est\u00e3o no pa\u00eds nem de onde vieram. O paciente foi isolado e est\u00e1 em observa\u00e7\u00e3o.<\/p>\n\n\n\n<p>&#8220;A Sesap informa que no momento est\u00e1 apurando os fatos para que possa inferir se h\u00e1 ou n\u00e3o um caso suspeito de Infec\u00e7\u00e3o Humana pelo Novo Coronav\u00edrus, uma vez que para ser considerado caso suspeito esse dever\u00e1 atender aos crit\u00e9rios estabelecidos pelo Minist\u00e9rio da Sa\u00fade. No momento as investiga\u00e7\u00f5es est\u00e3o em curso e ainda n\u00e3o h\u00e1 informa\u00e7\u00f5es precisas&#8221;, disse a Secretaria por meio de nota.<\/p>\n\n\n\n<p>At\u00e9 agora, nenhum caso da nova doen\u00e7a foi confirmado no Brasil, segundo o Minist\u00e9rio da Sa\u00fade.<\/p>\n\n\n\n<figure class=\"wp-block-image\"><img decoding=\"async\" data-src=\"https:\/\/www.clickpb.com.br\/media\/filer_public\/ff\/23\/ff23f003-0282-45b8-a80d-cae007c0f614\/nota_da_secretaria_de_saude_do_rio_grande_do_norte.jpeg\" alt=\"\" src=\"data:image\/svg+xml;base64,PHN2ZyB3aWR0aD0iMSIgaGVpZ2h0PSIxIiB4bWxucz0iaHR0cDovL3d3dy53My5vcmcvMjAwMC9zdmciPjwvc3ZnPg==\" class=\"lazyload\" \/><\/figure>\n","protected":false},"excerpt":{"rendered":"<p>A Secretaria de Sa\u00fade P\u00fablica do Rio Grande do Norte est\u00e1 averiguando um caso suspeito do novo Coronav\u00edrus e marcou uma coletiva de imprensa para&hellip; <\/p>\n","protected":false},"author":2,"featured_media":153188,"comment_status":"closed","ping_status":"closed","sticky":false,"template":"","format":"standard","meta":{"sfsi_plus_gutenberg_text_before_share":"","sfsi_plus_gutenberg_show_text_before_share":"","sfsi_plus_gutenberg_icon_type":"","sfsi_plus_gutenberg_icon_alignemt":"","sfsi_plus_gutenburg_max_per_row":"","footnotes":""},"categories":[2],"tags":[],"class_list":["post-153187","post","type-post","status-publish","format-standard","has-post-thumbnail","hentry","category-geral"],"_links":{"self":[{"href":"https:\/\/www.caririemacao.com\/1\/wp-json\/wp\/v2\/posts\/153187","targetHints":{"allow":["GET"]}}],"collection":[{"href":"https:\/\/www.caririemacao.com\/1\/wp-json\/wp\/v2\/posts"}],"about":[{"href":"https:\/\/www.caririemacao.com\/1\/wp-json\/wp\/v2\/types\/post"}],"author":[{"embeddable":true,"href":"https:\/\/www.caririemacao.com\/1\/wp-json\/wp\/v2\/users\/2"}],"replies":[{"embeddable":true,"href":"https:\/\/www.caririemacao.com\/1\/wp-json\/wp\/v2\/comments?post=153187"}],"version-history":[{"count":1,"href":"https:\/\/www.caririemacao.com\/1\/wp-json\/wp\/v2\/posts\/153187\/revisions"}],"predecessor-version":[{"id":153189,"href":"https:\/\/www.caririemacao.com\/1\/wp-json\/wp\/v2\/posts\/153187\/revisions\/153189"}],"wp:featuredmedia":[{"embeddable":true,"href":"https:\/\/www.caririemacao.com\/1\/wp-json\/wp\/v2\/media\/153188"}],"wp:attachment":[{"href":"https:\/\/www.caririemacao.com\/1\/wp-json\/wp\/v2\/media?parent=153187"}],"wp:term":[{"taxonomy":"category","embeddable":true,"href":"https:\/\/www.caririemacao.com\/1\/wp-json\/wp\/v2\/categories?post=153187"},{"taxonomy":"post_tag","embeddable":true,"href":"https:\/\/www.caririemacao.com\/1\/wp-json\/wp\/v2\/tags?post=153187"}],"curies":[{"name":"wp","href":"https:\/\/api.w.org\/{rel}","templated":true}]}}