{"id":153190,"date":"2020-02-13T11:57:23","date_gmt":"2020-02-13T14:57:23","guid":{"rendered":"http:\/\/www.caririemacao.com\/1\/?p=153190"},"modified":"2020-02-13T11:57:24","modified_gmt":"2020-02-13T14:57:24","slug":"apos-sinalizar-desistencia-bolsonaro-promete-reforma-administrativa-para-a-proxima-semana","status":"publish","type":"post","link":"https:\/\/www.caririemacao.com\/1\/2020\/02\/13\/apos-sinalizar-desistencia-bolsonaro-promete-reforma-administrativa-para-a-proxima-semana\/","title":{"rendered":"Ap\u00f3s sinalizar desist\u00eancia, Bolsonaro promete reforma administrativa para a pr\u00f3xima semana"},"content":{"rendered":"\n<p>&nbsp;O presidente Jair Bolsonaro afirmou nesta quinta-feira (13) que a reforma administrativa n\u00e3o mexer\u00e1 na estabilidade dos atuais servidores.&nbsp;<\/p>\n\n\n\n<p>Na sa\u00edda do Pal\u00e1cio da Alvorada, Bolsonaro afirmou ainda que o texto da proposta deve ser encaminhado ao Congresso na pr\u00f3xima semana.&nbsp;<\/p>\n\n\n\n<p>&#8220;Est\u00e1 muito tranquila a reforma. N\u00e3o ser\u00e1 mexido nos direitos atuais dos servidores, inclusive a quest\u00e3o da estabilidade. Quem \u00e9 servidor continua com a estabilidade sem problema nenhum&#8221;, disse Bolsonaro. &#8220;As mudan\u00e7as propostas ao Congresso valeriam para os futuros servidores&#8221;, acrescentou.<\/p>\n\n\n\n<p>O presidente declarou tamb\u00e9m que algumas categorias -como Pol\u00edcia Federal, For\u00e7as Armadas e Receita -teriam &#8220;diferencia\u00e7\u00e3o&#8221;, como a manuten\u00e7\u00e3o da estabilidade.&nbsp;<br>A reforma administrativa dever\u00e1 alterar, por exemplo, o regime de contrata\u00e7\u00e3o e planos de carreira do servi\u00e7o p\u00fablico.<\/p>\n\n\n\n<p>Nesta semana, o governo passou a avaliar a desist\u00eancia do envio de uma proposta pr\u00f3pria ao Congresso.&nbsp;<\/p>\n\n\n\n<p>A ideia, no entanto, foi recebida com contrariedade pelo presidente da C\u00e2mara dos Deputados, Rodrigo Maia (DEM-RJ).<\/p>\n\n\n\n<p>A proposta, que come\u00e7ou a ser discutida entre governo e congressistas, \u00e9 o Executivo deixar de enviar uma PEC (proposta de emenda \u00e0 Constitui\u00e7\u00e3o) de sua autoria e aproveitar mat\u00e9rias j\u00e1 em tramita\u00e7\u00e3o.&nbsp;<\/p>\n\n\n\n<p>A partir da\u00ed, seriam enviadas apenas sugest\u00f5es ao Congresso.<\/p>\n\n\n\n<p>A equipe econ\u00f4mica ainda insiste em as medidas sejam enviadas pelo Executivo a deputados e senadores. A Folha apurou que a resist\u00eancia est\u00e1 no n\u00facleo pol\u00edtico do Pal\u00e1cio do Planalto em raz\u00e3o das elei\u00e7\u00f5es.<\/p>\n\n\n\n<p>Questionado nesta quinta, Bolsonaro afirmou que o Congresso tem autonomia. &#8220;[O Congresso] tem a primora, pode rejeitar o nosso, pegar o de algu\u00e9m l\u00e1 e melhorar. Pode tudo o Parlamento&#8221;.<br><\/p>\n","protected":false},"excerpt":{"rendered":"<p>&nbsp;O presidente Jair Bolsonaro afirmou nesta quinta-feira (13) que a reforma administrativa n\u00e3o mexer\u00e1 na estabilidade dos atuais servidores.&nbsp; Na sa\u00edda do Pal\u00e1cio da Alvorada,&hellip; <\/p>\n","protected":false},"author":2,"featured_media":153191,"comment_status":"closed","ping_status":"closed","sticky":false,"template":"","format":"standard","meta":{"sfsi_plus_gutenberg_text_before_share":"","sfsi_plus_gutenberg_show_text_before_share":"","sfsi_plus_gutenberg_icon_type":"","sfsi_plus_gutenberg_icon_alignemt":"","sfsi_plus_gutenburg_max_per_row":"","footnotes":""},"categories":[11],"tags":[],"class_list":["post-153190","post","type-post","status-publish","format-standard","has-post-thumbnail","hentry","category-politica"],"_links":{"self":[{"href":"https:\/\/www.caririemacao.com\/1\/wp-json\/wp\/v2\/posts\/153190","targetHints":{"allow":["GET"]}}],"collection":[{"href":"https:\/\/www.caririemacao.com\/1\/wp-json\/wp\/v2\/posts"}],"about":[{"href":"https:\/\/www.caririemacao.com\/1\/wp-json\/wp\/v2\/types\/post"}],"author":[{"embeddable":true,"href":"https:\/\/www.caririemacao.com\/1\/wp-json\/wp\/v2\/users\/2"}],"replies":[{"embeddable":true,"href":"https:\/\/www.caririemacao.com\/1\/wp-json\/wp\/v2\/comments?post=153190"}],"version-history":[{"count":1,"href":"https:\/\/www.caririemacao.com\/1\/wp-json\/wp\/v2\/posts\/153190\/revisions"}],"predecessor-version":[{"id":153192,"href":"https:\/\/www.caririemacao.com\/1\/wp-json\/wp\/v2\/posts\/153190\/revisions\/153192"}],"wp:featuredmedia":[{"embeddable":true,"href":"https:\/\/www.caririemacao.com\/1\/wp-json\/wp\/v2\/media\/153191"}],"wp:attachment":[{"href":"https:\/\/www.caririemacao.com\/1\/wp-json\/wp\/v2\/media?parent=153190"}],"wp:term":[{"taxonomy":"category","embeddable":true,"href":"https:\/\/www.caririemacao.com\/1\/wp-json\/wp\/v2\/categories?post=153190"},{"taxonomy":"post_tag","embeddable":true,"href":"https:\/\/www.caririemacao.com\/1\/wp-json\/wp\/v2\/tags?post=153190"}],"curies":[{"name":"wp","href":"https:\/\/api.w.org\/{rel}","templated":true}]}}