{"id":153202,"date":"2020-02-13T14:30:48","date_gmt":"2020-02-13T17:30:48","guid":{"rendered":"http:\/\/www.caririemacao.com\/1\/?p=153202"},"modified":"2020-02-13T14:30:49","modified_gmt":"2020-02-13T17:30:49","slug":"mec-contratara-quase-mil-militares-da-reserva-a-partir-de-marco","status":"publish","type":"post","link":"https:\/\/www.caririemacao.com\/1\/2020\/02\/13\/mec-contratara-quase-mil-militares-da-reserva-a-partir-de-marco\/","title":{"rendered":"MEC contratar\u00e1 quase mil militares da reserva a partir de mar\u00e7o"},"content":{"rendered":"\n<p>Come\u00e7am em mar\u00e7o as primeiras contrata\u00e7\u00f5es do Minist\u00e9rio da Educa\u00e7\u00e3o (MEC) de militares da reserva para atuarem em escolas c\u00edvico-militares. Ao todo, ser\u00e3o 972 \u201creincorporados\u201d aos quadros do governo federal. Alguns ser\u00e3o das For\u00e7as Armadas e outros das corpora\u00e7\u00f5es estaduais.<br><\/p>\n\n\n\n<p>Para a implanta\u00e7\u00e3o do sistema de educa\u00e7\u00e3o, o governo federal estima desembolsar R$ 28 milh\u00f5es anuais, sendo que 52% do valor total destinado ao projeto ser\u00e1 apenas para custear a folha de pagamento.<\/p>\n\n\n\n<p>Em m\u00e9dia, cada militar custar\u00e1 aos cofres p\u00fablicos R$ 28,8 mil por ano, isso sem levar em considera\u00e7\u00e3o a remunera\u00e7\u00e3o que \u00e9 paga pela reserva. Ser\u00e3o contratados at\u00e9 18 militares para cada uma das 54 escolas participantes do Programa Nacional das Escolas C\u00edvico-Militares (Pecim), sendo 16 pra\u00e7as e 2 oficiais.<br><\/p>\n\n\n\n<p>Apesar do aumento de gasto, o MEC afirma que as institui\u00e7\u00f5es custar\u00e3o menos, por exemplo, que escolas mantidas pelo Ex\u00e9rcito, que t\u00eam gastos maiores do que unidades de ensino da rede p\u00fablica regular.<\/p>\n","protected":false},"excerpt":{"rendered":"<p>Come\u00e7am em mar\u00e7o as primeiras contrata\u00e7\u00f5es do Minist\u00e9rio da Educa\u00e7\u00e3o (MEC) de militares da reserva para atuarem em escolas c\u00edvico-militares. Ao todo, ser\u00e3o 972 \u201creincorporados\u201d&hellip; <\/p>\n","protected":false},"author":2,"featured_media":153203,"comment_status":"closed","ping_status":"closed","sticky":false,"template":"","format":"standard","meta":{"sfsi_plus_gutenberg_text_before_share":"","sfsi_plus_gutenberg_show_text_before_share":"","sfsi_plus_gutenberg_icon_type":"","sfsi_plus_gutenberg_icon_alignemt":"","sfsi_plus_gutenburg_max_per_row":"","footnotes":""},"categories":[2],"tags":[],"class_list":["post-153202","post","type-post","status-publish","format-standard","has-post-thumbnail","hentry","category-geral"],"_links":{"self":[{"href":"https:\/\/www.caririemacao.com\/1\/wp-json\/wp\/v2\/posts\/153202","targetHints":{"allow":["GET"]}}],"collection":[{"href":"https:\/\/www.caririemacao.com\/1\/wp-json\/wp\/v2\/posts"}],"about":[{"href":"https:\/\/www.caririemacao.com\/1\/wp-json\/wp\/v2\/types\/post"}],"author":[{"embeddable":true,"href":"https:\/\/www.caririemacao.com\/1\/wp-json\/wp\/v2\/users\/2"}],"replies":[{"embeddable":true,"href":"https:\/\/www.caririemacao.com\/1\/wp-json\/wp\/v2\/comments?post=153202"}],"version-history":[{"count":1,"href":"https:\/\/www.caririemacao.com\/1\/wp-json\/wp\/v2\/posts\/153202\/revisions"}],"predecessor-version":[{"id":153204,"href":"https:\/\/www.caririemacao.com\/1\/wp-json\/wp\/v2\/posts\/153202\/revisions\/153204"}],"wp:featuredmedia":[{"embeddable":true,"href":"https:\/\/www.caririemacao.com\/1\/wp-json\/wp\/v2\/media\/153203"}],"wp:attachment":[{"href":"https:\/\/www.caririemacao.com\/1\/wp-json\/wp\/v2\/media?parent=153202"}],"wp:term":[{"taxonomy":"category","embeddable":true,"href":"https:\/\/www.caririemacao.com\/1\/wp-json\/wp\/v2\/categories?post=153202"},{"taxonomy":"post_tag","embeddable":true,"href":"https:\/\/www.caririemacao.com\/1\/wp-json\/wp\/v2\/tags?post=153202"}],"curies":[{"name":"wp","href":"https:\/\/api.w.org\/{rel}","templated":true}]}}