{"id":153205,"date":"2020-02-13T14:32:14","date_gmt":"2020-02-13T17:32:14","guid":{"rendered":"http:\/\/www.caririemacao.com\/1\/?p=153205"},"modified":"2020-02-13T14:32:16","modified_gmt":"2020-02-13T17:32:16","slug":"nao-e-falta-de-palmada-mas-falta-de-presenca-diz-especialista-sobre-agressao-em-escolas-disfarcada-de-brincadeira","status":"publish","type":"post","link":"https:\/\/www.caririemacao.com\/1\/2020\/02\/13\/nao-e-falta-de-palmada-mas-falta-de-presenca-diz-especialista-sobre-agressao-em-escolas-disfarcada-de-brincadeira\/","title":{"rendered":"\u201cN\u00e3o \u00e9 falta de palmada, mas falta de presen\u00e7a\u201d, diz especialista sobre agress\u00e3o em escolas disfar\u00e7ada de &#8216;brincadeira&#8217;"},"content":{"rendered":"\n<p>\u201cQuebra cr\u00e2nio\u201d, \u201cdesafio da rasteira\u201d, \u201croleta humana\u201d. Nem de longe isso deve ser chamado de brincadeira, mas sim de uma agress\u00e3o&nbsp;que est\u00e1 sendo retratada em v\u00eddeo e divulgada nas redes sociais por centenas de adolescentes. O Portal ClickPB divulgou na \u00edntegra o caso (<a href=\"https:\/\/www.clickpb.com.br\/paraiba\/psicopedagoga-alerta-sobre-riscos-de-brincadeira-entre-criancas-e-adolescentes-que-ja-causou-morte-dentro-de-escola-277747.html\">veja aqui<\/a>).&nbsp;<br><\/p>\n\n\n\n<p>De acordo com a pediatra&nbsp;Denise Lellis, essas&nbsp;atitudes ultrapassam os limites do bullying e passa a ser uma agress\u00e3o f\u00edsica, que denota em uma total falta de empatia e de preocupa\u00e7\u00e3o, tanto com o bem-estar emocional como com o bem-estar f\u00edsico um do outro. E alerta que isso pode ser uma consequ\u00eancia do estilo t\u00f3xico de vida ao qual as crian\u00e7as t\u00eam sido inseridas. \u201cN\u00e3o \u00e9 falta de palmada, mas falta de presen\u00e7a\u201d, alerta.<\/p>\n\n\n\n<p>Segundo ela, os pais t\u00eam a oportunidade de impedir que esse tipo de comportamento agressivo aconte\u00e7a por meio da presen\u00e7a. &#8220;Pais que assistem a esse tipo de v\u00eddeo junto com seus filhos e trocam ideias com a crian\u00e7a e criticam esse tipo de atitude est\u00e3o agindo de maneira preventiva\u201d, explica a especialista.<br><\/p>\n\n\n\n<p>\u201cEssa gera\u00e7\u00e3o n\u00e3o \u00e9 culpada, mas sim v\u00edtima, porque est\u00e1 sozinha. A internet tem conversado muito mais com crian\u00e7as e adolescentes porque estamos permitindo que isso aconte\u00e7a. Por\u00e9m, muita aten\u00e7\u00e3o, porque a internet tamb\u00e9m n\u00e3o \u00e9 a vil\u00e3. O vil\u00e3o \u00e9 o estilo de vida. Estamos deixando os nossos filhos a merc\u00ea de quem quiser falar com eles. Um bom indicador \u00e9: se a crian\u00e7a n\u00e3o pode andar na rua sozinha, ent\u00e3o ela tamb\u00e9m n\u00e3o pode ficar na internet sozinha\u201d, enfatiza.<br><\/p>\n\n\n\n<p>Ainda refor\u00e7a que tal cen\u00e1rio tamb\u00e9m \u00e9 uma oportunidade para as escolas, a partir desses fatos, alertar e trabalhar o cuidado com o outro e a empatia, &#8220;j\u00e1 que a crian\u00e7a que passou pela situa\u00e7\u00e3o se machucou n\u00e3o s\u00f3 fisicamente, mas emocionalmente, podendo se sentir humilhada e constrangida. \u00c9 uma viol\u00eancia infinita.&#8221;<\/p>\n","protected":false},"excerpt":{"rendered":"<p>\u201cQuebra cr\u00e2nio\u201d, \u201cdesafio da rasteira\u201d, \u201croleta humana\u201d. Nem de longe isso deve ser chamado de brincadeira, mas sim de uma agress\u00e3o&nbsp;que est\u00e1 sendo retratada em&hellip; <\/p>\n","protected":false},"author":2,"featured_media":153206,"comment_status":"closed","ping_status":"closed","sticky":false,"template":"","format":"standard","meta":{"sfsi_plus_gutenberg_text_before_share":"","sfsi_plus_gutenberg_show_text_before_share":"","sfsi_plus_gutenberg_icon_type":"","sfsi_plus_gutenberg_icon_alignemt":"","sfsi_plus_gutenburg_max_per_row":"","footnotes":""},"categories":[2],"tags":[],"class_list":["post-153205","post","type-post","status-publish","format-standard","has-post-thumbnail","hentry","category-geral"],"_links":{"self":[{"href":"https:\/\/www.caririemacao.com\/1\/wp-json\/wp\/v2\/posts\/153205","targetHints":{"allow":["GET"]}}],"collection":[{"href":"https:\/\/www.caririemacao.com\/1\/wp-json\/wp\/v2\/posts"}],"about":[{"href":"https:\/\/www.caririemacao.com\/1\/wp-json\/wp\/v2\/types\/post"}],"author":[{"embeddable":true,"href":"https:\/\/www.caririemacao.com\/1\/wp-json\/wp\/v2\/users\/2"}],"replies":[{"embeddable":true,"href":"https:\/\/www.caririemacao.com\/1\/wp-json\/wp\/v2\/comments?post=153205"}],"version-history":[{"count":1,"href":"https:\/\/www.caririemacao.com\/1\/wp-json\/wp\/v2\/posts\/153205\/revisions"}],"predecessor-version":[{"id":153207,"href":"https:\/\/www.caririemacao.com\/1\/wp-json\/wp\/v2\/posts\/153205\/revisions\/153207"}],"wp:featuredmedia":[{"embeddable":true,"href":"https:\/\/www.caririemacao.com\/1\/wp-json\/wp\/v2\/media\/153206"}],"wp:attachment":[{"href":"https:\/\/www.caririemacao.com\/1\/wp-json\/wp\/v2\/media?parent=153205"}],"wp:term":[{"taxonomy":"category","embeddable":true,"href":"https:\/\/www.caririemacao.com\/1\/wp-json\/wp\/v2\/categories?post=153205"},{"taxonomy":"post_tag","embeddable":true,"href":"https:\/\/www.caririemacao.com\/1\/wp-json\/wp\/v2\/tags?post=153205"}],"curies":[{"name":"wp","href":"https:\/\/api.w.org\/{rel}","templated":true}]}}