{"id":153209,"date":"2020-02-13T14:33:16","date_gmt":"2020-02-13T17:33:16","guid":{"rendered":"http:\/\/www.caririemacao.com\/1\/?p=153209"},"modified":"2020-02-13T14:33:18","modified_gmt":"2020-02-13T17:33:18","slug":"lula-encontra-com-papa-francisco-no-vaticano","status":"publish","type":"post","link":"https:\/\/www.caririemacao.com\/1\/2020\/02\/13\/lula-encontra-com-papa-francisco-no-vaticano\/","title":{"rendered":"Lula encontra com papa Francisco no Vaticano"},"content":{"rendered":"\n<p>&nbsp;O ex-presidente Luiz In\u00e1cio Lula da Silva se encontrou com o papa Francisco nesta quinta-feira (13), no Vaticano.<br><\/p>\n\n\n\n<p>O petista viajou na ter\u00e7a (11) para visitar o pont\u00edfice. No encontro, os dois conversaram sobre&nbsp;<em>lawfare<\/em>&nbsp;\u2014 termo criado para indicar uma disputa pol\u00edtica travada por meio do Judici\u00e1rio.<\/p>\n\n\n\n<p>A reuni\u00e3o foi intermediada pelo presidente da argentina, Alberto Fernandez.<\/p>\n\n\n\n<p>A viagem foi poss\u00edvel gra\u00e7as a uma decis\u00e3o da Justi\u00e7a de Bras\u00edlia que adiou uma audi\u00eancia que Lula daria pela Opera\u00e7\u00e3o Zelotes. A volta do petista para o Brasil est\u00e1 marcada para o s\u00e1bado (15).<\/p>\n\n\n\n<figure class=\"wp-block-image\"><img decoding=\"async\" data-src=\"https:\/\/www.clickpb.com.br\/media\/filer_public\/a7\/4d\/a74d8350-9677-4d2c-b5f3-174ba46118e0\/lula_e_o_papa_2.jpg\" alt=\"\" src=\"data:image\/svg+xml;base64,PHN2ZyB3aWR0aD0iMSIgaGVpZ2h0PSIxIiB4bWxucz0iaHR0cDovL3d3dy53My5vcmcvMjAwMC9zdmciPjwvc3ZnPg==\" class=\"lazyload\" \/><\/figure>\n","protected":false},"excerpt":{"rendered":"<p>&nbsp;O ex-presidente Luiz In\u00e1cio Lula da Silva se encontrou com o papa Francisco nesta quinta-feira (13), no Vaticano. O petista viajou na ter\u00e7a (11) para&hellip; <\/p>\n","protected":false},"author":2,"featured_media":153210,"comment_status":"closed","ping_status":"closed","sticky":false,"template":"","format":"standard","meta":{"sfsi_plus_gutenberg_text_before_share":"","sfsi_plus_gutenberg_show_text_before_share":"","sfsi_plus_gutenberg_icon_type":"","sfsi_plus_gutenberg_icon_alignemt":"","sfsi_plus_gutenburg_max_per_row":"","footnotes":""},"categories":[2],"tags":[],"class_list":["post-153209","post","type-post","status-publish","format-standard","has-post-thumbnail","hentry","category-geral"],"_links":{"self":[{"href":"https:\/\/www.caririemacao.com\/1\/wp-json\/wp\/v2\/posts\/153209","targetHints":{"allow":["GET"]}}],"collection":[{"href":"https:\/\/www.caririemacao.com\/1\/wp-json\/wp\/v2\/posts"}],"about":[{"href":"https:\/\/www.caririemacao.com\/1\/wp-json\/wp\/v2\/types\/post"}],"author":[{"embeddable":true,"href":"https:\/\/www.caririemacao.com\/1\/wp-json\/wp\/v2\/users\/2"}],"replies":[{"embeddable":true,"href":"https:\/\/www.caririemacao.com\/1\/wp-json\/wp\/v2\/comments?post=153209"}],"version-history":[{"count":1,"href":"https:\/\/www.caririemacao.com\/1\/wp-json\/wp\/v2\/posts\/153209\/revisions"}],"predecessor-version":[{"id":153211,"href":"https:\/\/www.caririemacao.com\/1\/wp-json\/wp\/v2\/posts\/153209\/revisions\/153211"}],"wp:featuredmedia":[{"embeddable":true,"href":"https:\/\/www.caririemacao.com\/1\/wp-json\/wp\/v2\/media\/153210"}],"wp:attachment":[{"href":"https:\/\/www.caririemacao.com\/1\/wp-json\/wp\/v2\/media?parent=153209"}],"wp:term":[{"taxonomy":"category","embeddable":true,"href":"https:\/\/www.caririemacao.com\/1\/wp-json\/wp\/v2\/categories?post=153209"},{"taxonomy":"post_tag","embeddable":true,"href":"https:\/\/www.caririemacao.com\/1\/wp-json\/wp\/v2\/tags?post=153209"}],"curies":[{"name":"wp","href":"https:\/\/api.w.org\/{rel}","templated":true}]}}