{"id":153213,"date":"2020-02-13T14:37:27","date_gmt":"2020-02-13T17:37:27","guid":{"rendered":"http:\/\/www.caririemacao.com\/1\/?p=153213"},"modified":"2020-02-13T14:37:30","modified_gmt":"2020-02-13T17:37:30","slug":"prefeitura-de-sao-jose-dos-cordeiros-anuncia-lista-de-convocacao-de-aprovados-em-concurso-publico","status":"publish","type":"post","link":"https:\/\/www.caririemacao.com\/1\/2020\/02\/13\/prefeitura-de-sao-jose-dos-cordeiros-anuncia-lista-de-convocacao-de-aprovados-em-concurso-publico\/","title":{"rendered":"Prefeitura de S\u00e3o Jos\u00e9 dos Cordeiros anuncia lista de convoca\u00e7\u00e3o de aprovados em concurso p\u00fablico"},"content":{"rendered":"\n<p>A Prefeitura de S\u00e3o Jos\u00e9 dos Cordeiros anunciou nesta quinta-feira(13) a lista dos primeiros candidatos aprovados no \u00faltimo concurso p\u00fablico realizado no munic\u00edpio.<\/p>\n\n\n\n<p>O an\u00fancio da nomea\u00e7\u00e3o e convoca\u00e7\u00e3o foi publicado no Di\u00e1rio Oficial do munic\u00edpio e 20 profissionais inicialmente foram convocados.<\/p>\n\n\n\n<p>Foram convocados candidatos aprovados nas \u00e1reas de administra\u00e7\u00e3o, assist\u00eancia social, sa\u00fade, agricultura, servi\u00e7os gerais e educa\u00e7\u00e3o.<\/p>\n\n\n\n<p>Os convocados dever\u00e3o se dirigirem at\u00e9 o departamento de recursos humanos e apresentarem os documentos necess\u00e1rios \u00e0 efetiva contrata\u00e7\u00e3o. A posse dos candidatos ocorrer\u00e1 no dia 03 de mar\u00e7o, no pr\u00e9dio da C\u00e2mara Municipal de S\u00e3o Jos\u00e9 dos Cordeiros.<\/p>\n\n\n\n<p><strong>Confira a lista dos aprovados:<\/strong><\/p>\n\n\n\n<div class=\"wp-block-image\"><figure class=\"aligncenter\"><img decoding=\"async\" data-src=\"http:\/\/deolhonocariri.com.br\/wp-content\/uploads\/2020\/02\/co.jpg\" alt=\"\" class=\"wp-image-77927 lazyload\" src=\"data:image\/svg+xml;base64,PHN2ZyB3aWR0aD0iMSIgaGVpZ2h0PSIxIiB4bWxucz0iaHR0cDovL3d3dy53My5vcmcvMjAwMC9zdmciPjwvc3ZnPg==\" \/><\/figure><\/div>\n","protected":false},"excerpt":{"rendered":"<p>A Prefeitura de S\u00e3o Jos\u00e9 dos Cordeiros anunciou nesta quinta-feira(13) a lista dos primeiros candidatos aprovados no \u00faltimo concurso p\u00fablico realizado no munic\u00edpio. O an\u00fancio&hellip; <\/p>\n","protected":false},"author":2,"featured_media":153214,"comment_status":"closed","ping_status":"closed","sticky":false,"template":"","format":"standard","meta":{"sfsi_plus_gutenberg_text_before_share":"","sfsi_plus_gutenberg_show_text_before_share":"","sfsi_plus_gutenberg_icon_type":"","sfsi_plus_gutenberg_icon_alignemt":"","sfsi_plus_gutenburg_max_per_row":"","footnotes":""},"categories":[50,2],"tags":[],"class_list":["post-153213","post","type-post","status-publish","format-standard","has-post-thumbnail","hentry","category-destaque","category-geral"],"_links":{"self":[{"href":"https:\/\/www.caririemacao.com\/1\/wp-json\/wp\/v2\/posts\/153213","targetHints":{"allow":["GET"]}}],"collection":[{"href":"https:\/\/www.caririemacao.com\/1\/wp-json\/wp\/v2\/posts"}],"about":[{"href":"https:\/\/www.caririemacao.com\/1\/wp-json\/wp\/v2\/types\/post"}],"author":[{"embeddable":true,"href":"https:\/\/www.caririemacao.com\/1\/wp-json\/wp\/v2\/users\/2"}],"replies":[{"embeddable":true,"href":"https:\/\/www.caririemacao.com\/1\/wp-json\/wp\/v2\/comments?post=153213"}],"version-history":[{"count":1,"href":"https:\/\/www.caririemacao.com\/1\/wp-json\/wp\/v2\/posts\/153213\/revisions"}],"predecessor-version":[{"id":153215,"href":"https:\/\/www.caririemacao.com\/1\/wp-json\/wp\/v2\/posts\/153213\/revisions\/153215"}],"wp:featuredmedia":[{"embeddable":true,"href":"https:\/\/www.caririemacao.com\/1\/wp-json\/wp\/v2\/media\/153214"}],"wp:attachment":[{"href":"https:\/\/www.caririemacao.com\/1\/wp-json\/wp\/v2\/media?parent=153213"}],"wp:term":[{"taxonomy":"category","embeddable":true,"href":"https:\/\/www.caririemacao.com\/1\/wp-json\/wp\/v2\/categories?post=153213"},{"taxonomy":"post_tag","embeddable":true,"href":"https:\/\/www.caririemacao.com\/1\/wp-json\/wp\/v2\/tags?post=153213"}],"curies":[{"name":"wp","href":"https:\/\/api.w.org\/{rel}","templated":true}]}}