{"id":153217,"date":"2020-02-13T15:07:15","date_gmt":"2020-02-13T18:07:15","guid":{"rendered":"http:\/\/www.caririemacao.com\/1\/?p=153217"},"modified":"2020-02-13T15:07:17","modified_gmt":"2020-02-13T18:07:17","slug":"secretaria-de-desenvolvimento-social-da-continuidade-aos-servicos-do-cras-na-prata","status":"publish","type":"post","link":"https:\/\/www.caririemacao.com\/1\/2020\/02\/13\/secretaria-de-desenvolvimento-social-da-continuidade-aos-servicos-do-cras-na-prata\/","title":{"rendered":"Secretaria de Desenvolvimento Social d\u00e1 continuidade aos servi\u00e7os do CRAS, na Prata"},"content":{"rendered":"\n<p>A Secretaria M. de Desenvolvimento Social da Prata, deu continuidade nesta quinta-feira (13), \u00e0 busca ativa para os servi\u00e7os ofertados pelo CRAS\/SCFV. <\/p>\n\n\n\n<p>De acordo com a prefeitura, a equipe t\u00e9cnica do CRAS, realizou ao longo desta semana a busca ativa na Rua Isabel Aleixo, Vila Cazuza Nunes e Vila Maria Almeida.  Onde foram repassados informa\u00e7\u00f5es sobre os servi\u00e7os ofertados a popula\u00e7\u00e3o atrav\u00e9s da Secretaria de Desenvolvimento Social. <\/p>\n\n\n\n<p><img decoding=\"async\" width=\"150\" height=\"113\" class=\"wp-image-153221 lazyload\" style=\"--smush-placeholder-width: 150px; --smush-placeholder-aspect-ratio: 150\/113;width: 150px;\" data-src=\"http:\/\/www.caririemacao.com\/1\/wp-content\/uploads\/2020\/02\/IMG-20200213-WA0092-1.jpg\" alt=\"\" data-srcset=\"https:\/\/www.caririemacao.com\/1\/wp-content\/uploads\/2020\/02\/IMG-20200213-WA0092-1.jpg 1040w, https:\/\/www.caririemacao.com\/1\/wp-content\/uploads\/2020\/02\/IMG-20200213-WA0092-1-300x225.jpg 300w, https:\/\/www.caririemacao.com\/1\/wp-content\/uploads\/2020\/02\/IMG-20200213-WA0092-1-1024x768.jpg 1024w, https:\/\/www.caririemacao.com\/1\/wp-content\/uploads\/2020\/02\/IMG-20200213-WA0092-1-768x576.jpg 768w\" data-sizes=\"(max-width: 150px) 100vw, 150px\" src=\"data:image\/svg+xml;base64,PHN2ZyB3aWR0aD0iMSIgaGVpZ2h0PSIxIiB4bWxucz0iaHR0cDovL3d3dy53My5vcmcvMjAwMC9zdmciPjwvc3ZnPg==\" \/><\/p>\n","protected":false},"excerpt":{"rendered":"<p>A Secretaria M. de Desenvolvimento Social da Prata, deu continuidade nesta quinta-feira (13), \u00e0 busca ativa para os servi\u00e7os ofertados pelo CRAS\/SCFV. De acordo com&hellip; <\/p>\n","protected":false},"author":1,"featured_media":153218,"comment_status":"closed","ping_status":"closed","sticky":false,"template":"","format":"standard","meta":{"sfsi_plus_gutenberg_text_before_share":"","sfsi_plus_gutenberg_show_text_before_share":"","sfsi_plus_gutenberg_icon_type":"","sfsi_plus_gutenberg_icon_alignemt":"","sfsi_plus_gutenburg_max_per_row":"","footnotes":""},"categories":[6,50],"tags":[],"class_list":["post-153217","post","type-post","status-publish","format-standard","has-post-thumbnail","hentry","category-cidades","category-destaque"],"_links":{"self":[{"href":"https:\/\/www.caririemacao.com\/1\/wp-json\/wp\/v2\/posts\/153217","targetHints":{"allow":["GET"]}}],"collection":[{"href":"https:\/\/www.caririemacao.com\/1\/wp-json\/wp\/v2\/posts"}],"about":[{"href":"https:\/\/www.caririemacao.com\/1\/wp-json\/wp\/v2\/types\/post"}],"author":[{"embeddable":true,"href":"https:\/\/www.caririemacao.com\/1\/wp-json\/wp\/v2\/users\/1"}],"replies":[{"embeddable":true,"href":"https:\/\/www.caririemacao.com\/1\/wp-json\/wp\/v2\/comments?post=153217"}],"version-history":[{"count":2,"href":"https:\/\/www.caririemacao.com\/1\/wp-json\/wp\/v2\/posts\/153217\/revisions"}],"predecessor-version":[{"id":153222,"href":"https:\/\/www.caririemacao.com\/1\/wp-json\/wp\/v2\/posts\/153217\/revisions\/153222"}],"wp:featuredmedia":[{"embeddable":true,"href":"https:\/\/www.caririemacao.com\/1\/wp-json\/wp\/v2\/media\/153218"}],"wp:attachment":[{"href":"https:\/\/www.caririemacao.com\/1\/wp-json\/wp\/v2\/media?parent=153217"}],"wp:term":[{"taxonomy":"category","embeddable":true,"href":"https:\/\/www.caririemacao.com\/1\/wp-json\/wp\/v2\/categories?post=153217"},{"taxonomy":"post_tag","embeddable":true,"href":"https:\/\/www.caririemacao.com\/1\/wp-json\/wp\/v2\/tags?post=153217"}],"curies":[{"name":"wp","href":"https:\/\/api.w.org\/{rel}","templated":true}]}}