{"id":153237,"date":"2020-02-14T15:17:00","date_gmt":"2020-02-14T18:17:00","guid":{"rendered":"http:\/\/www.caririemacao.com\/1\/?p=153237"},"modified":"2020-02-14T15:17:02","modified_gmt":"2020-02-14T18:17:02","slug":"idosa-de-76-anos-volta-a-estudar-e-da-exemplo-no-cariri","status":"publish","type":"post","link":"https:\/\/www.caririemacao.com\/1\/2020\/02\/14\/idosa-de-76-anos-volta-a-estudar-e-da-exemplo-no-cariri\/","title":{"rendered":"Idosa de 76 anos volta a estudar e d\u00e1 exemplo no Cariri"},"content":{"rendered":"\n<p>O Cariri em A\u00e7\u00e3o esteve na cidade do Congo, na noite desta quinta-feira (13), entrevistando a dona Erisvalda das Neves, de 76 anos, residente no Sitio Juazeiro, zona rural do Munic\u00edpio do Congo, e atualmente aluna do Programa de Ensino de Jovens e Adultos (EJA), da Escola Estadual Manoel Alves Campos.<\/p>\n\n\n\n<p>Dona Erisvalda que est\u00e1 cursando o 2\u00ba e 3\u00ba ano Ensino M\u00e9dio relatou a nossa equipe que est\u00e1 muito feliz em estar prestes a realizar seu grande sonho, que \u00e9 se formar no ensino m\u00e9dio. Ela voltou a estudar desde 2007, j\u00e1 concluiu o ensino fundamental e agora est\u00e1 prestes a concluir o Ensino M\u00e9dio. <\/p>\n\n\n\n<p>&#8220;Estudei s\u00f3 coisinha pouca, pois fui criada sem pai, precisei trabalhar com minha m\u00e3e pra me manter, durante o  per\u00edodo que morei em Santa Cruz-PE. L\u00e1 eu morava no sitio com minha m\u00e3e, isso h\u00e1 44 anos. Eu queria estudar e n\u00e3o conseguia, e quando casei fui cuidar de crian\u00e7a, de casa e de marido a\u00ed deu n\u00f3. E l\u00e1 em Santa Cruz apareceu o EJA, uma nora minha ajeitou e eu comecei a estudar, me formei no fundamental e ainda dancei valsa l\u00e1. Depois vim morar no Congo e continue a estudar&#8221;. <\/p>\n\n\n\n<p>Na entrevista, dona Erisvalda ainda comentou sobre sua chegada em sala de aula na cidade do Congo. Ela disse que todos ficaram admirados e curiosos, mas que foi muito bem recebida, tanto pelos professores, quanto pelos colegas de sala de aula. <\/p>\n\n\n\n<p>Para finalizar, dona Erisvalda quis deixar uma mensagem para todos: &#8220;olha, ningu\u00e9m desista , porque todo tempo \u00e9 tempo, o melhor que tem \u00e9 a juventude. Pra qu\u00ea deixar de estudar pra estudar na velhice? Tem perdido muitas coisas. Confie em Deus e siga em frente, pois Deus \u00e9 por n\u00f3s&#8221;. Disse ela. <\/p>\n\n\n\n<p><\/p>\n\n\n\n<p><\/p>\n\n\n\n<p>&#8220;<\/p>\n","protected":false},"excerpt":{"rendered":"<p>O Cariri em A\u00e7\u00e3o esteve na cidade do Congo, na noite desta quinta-feira (13), entrevistando a dona Erisvalda das Neves, de 76 anos, residente no&hellip; <\/p>\n","protected":false},"author":1,"featured_media":153454,"comment_status":"closed","ping_status":"closed","sticky":false,"template":"","format":"standard","meta":{"sfsi_plus_gutenberg_text_before_share":"","sfsi_plus_gutenberg_show_text_before_share":"","sfsi_plus_gutenberg_icon_type":"","sfsi_plus_gutenberg_icon_alignemt":"","sfsi_plus_gutenburg_max_per_row":"","footnotes":""},"categories":[6,50,14],"tags":[],"class_list":["post-153237","post","type-post","status-publish","format-standard","has-post-thumbnail","hentry","category-cidades","category-destaque","category-educacao"],"_links":{"self":[{"href":"https:\/\/www.caririemacao.com\/1\/wp-json\/wp\/v2\/posts\/153237","targetHints":{"allow":["GET"]}}],"collection":[{"href":"https:\/\/www.caririemacao.com\/1\/wp-json\/wp\/v2\/posts"}],"about":[{"href":"https:\/\/www.caririemacao.com\/1\/wp-json\/wp\/v2\/types\/post"}],"author":[{"embeddable":true,"href":"https:\/\/www.caririemacao.com\/1\/wp-json\/wp\/v2\/users\/1"}],"replies":[{"embeddable":true,"href":"https:\/\/www.caririemacao.com\/1\/wp-json\/wp\/v2\/comments?post=153237"}],"version-history":[{"count":3,"href":"https:\/\/www.caririemacao.com\/1\/wp-json\/wp\/v2\/posts\/153237\/revisions"}],"predecessor-version":[{"id":153455,"href":"https:\/\/www.caririemacao.com\/1\/wp-json\/wp\/v2\/posts\/153237\/revisions\/153455"}],"wp:featuredmedia":[{"embeddable":true,"href":"https:\/\/www.caririemacao.com\/1\/wp-json\/wp\/v2\/media\/153454"}],"wp:attachment":[{"href":"https:\/\/www.caririemacao.com\/1\/wp-json\/wp\/v2\/media?parent=153237"}],"wp:term":[{"taxonomy":"category","embeddable":true,"href":"https:\/\/www.caririemacao.com\/1\/wp-json\/wp\/v2\/categories?post=153237"},{"taxonomy":"post_tag","embeddable":true,"href":"https:\/\/www.caririemacao.com\/1\/wp-json\/wp\/v2\/tags?post=153237"}],"curies":[{"name":"wp","href":"https:\/\/api.w.org\/{rel}","templated":true}]}}