{"id":153433,"date":"2020-02-14T14:13:27","date_gmt":"2020-02-14T17:13:27","guid":{"rendered":"http:\/\/www.caririemacao.com\/1\/?p=153433"},"modified":"2020-02-14T14:13:29","modified_gmt":"2020-02-14T17:13:29","slug":"prefeito-adriano-wolff-confirma-pagamento-de-contrapartida-de-convenio-com-cisco-para-construcao-de-cisternas","status":"publish","type":"post","link":"https:\/\/www.caririemacao.com\/1\/2020\/02\/14\/prefeito-adriano-wolff-confirma-pagamento-de-contrapartida-de-convenio-com-cisco-para-construcao-de-cisternas\/","title":{"rendered":"Prefeito Adriano Wolff confirma pagamento de contrapartida de conv\u00eanio com CISCO para constru\u00e7\u00e3o de cisternas"},"content":{"rendered":"\n<p>O prefeito de S\u00e3o Sebasti\u00e3o do Umbuzeiro, Adriano Wolff, confirmou esta semana, que o munic\u00edpio realizou o pagamento de R$ 15.107,30, referente ao conv\u00eanio celebrado com o Cons\u00f3rcio P\u00fablico Intermunicipal de Sa\u00fade do Cariri Ocidental \u2013 CISCO, para constru\u00e7\u00e3o de cisternas no munic\u00edpio.<br>Adriano informou que ser\u00e3o constru\u00eddas 65 cisternas no munic\u00edpio, que ir\u00e1 garantir abastecimento para mais dezenas de fam\u00edlias que ser\u00e3o beneficiadas com o programa.<\/p>\n\n\n\n<p><br>O Projeto visa \u00e0 dota\u00e7\u00e3o de infraestrutura h\u00eddrica para consumo humano atrav\u00e9s da constru\u00e7\u00e3o de cisternas de placas universalizando o acesso, gerenciamento e a valoriza\u00e7\u00e3o da \u00e1gua como um direito essencial da vida e da cidadania, ampliando a compreens\u00e3o e a pr\u00e1tica da conviv\u00eancia sustent\u00e1vel e solid\u00e1ria com o ecossistema do semi\u00e1rido, na regi\u00e3o do Cariri Ocidental.<\/p>\n\n\n\n<p><br><strong>COM BLOG DO DIDI<\/strong><\/p>\n","protected":false},"excerpt":{"rendered":"<p>O prefeito de S\u00e3o Sebasti\u00e3o do Umbuzeiro, Adriano Wolff, confirmou esta semana, que o munic\u00edpio realizou o pagamento de R$ 15.107,30, referente ao conv\u00eanio celebrado&hellip; <\/p>\n","protected":false},"author":2,"featured_media":34920,"comment_status":"closed","ping_status":"closed","sticky":false,"template":"","format":"standard","meta":{"sfsi_plus_gutenberg_text_before_share":"","sfsi_plus_gutenberg_show_text_before_share":"","sfsi_plus_gutenberg_icon_type":"","sfsi_plus_gutenberg_icon_alignemt":"","sfsi_plus_gutenburg_max_per_row":"","footnotes":""},"categories":[6],"tags":[],"class_list":["post-153433","post","type-post","status-publish","format-standard","has-post-thumbnail","hentry","category-cidades"],"_links":{"self":[{"href":"https:\/\/www.caririemacao.com\/1\/wp-json\/wp\/v2\/posts\/153433","targetHints":{"allow":["GET"]}}],"collection":[{"href":"https:\/\/www.caririemacao.com\/1\/wp-json\/wp\/v2\/posts"}],"about":[{"href":"https:\/\/www.caririemacao.com\/1\/wp-json\/wp\/v2\/types\/post"}],"author":[{"embeddable":true,"href":"https:\/\/www.caririemacao.com\/1\/wp-json\/wp\/v2\/users\/2"}],"replies":[{"embeddable":true,"href":"https:\/\/www.caririemacao.com\/1\/wp-json\/wp\/v2\/comments?post=153433"}],"version-history":[{"count":1,"href":"https:\/\/www.caririemacao.com\/1\/wp-json\/wp\/v2\/posts\/153433\/revisions"}],"predecessor-version":[{"id":153434,"href":"https:\/\/www.caririemacao.com\/1\/wp-json\/wp\/v2\/posts\/153433\/revisions\/153434"}],"wp:featuredmedia":[{"embeddable":true,"href":"https:\/\/www.caririemacao.com\/1\/wp-json\/wp\/v2\/media\/34920"}],"wp:attachment":[{"href":"https:\/\/www.caririemacao.com\/1\/wp-json\/wp\/v2\/media?parent=153433"}],"wp:term":[{"taxonomy":"category","embeddable":true,"href":"https:\/\/www.caririemacao.com\/1\/wp-json\/wp\/v2\/categories?post=153433"},{"taxonomy":"post_tag","embeddable":true,"href":"https:\/\/www.caririemacao.com\/1\/wp-json\/wp\/v2\/tags?post=153433"}],"curies":[{"name":"wp","href":"https:\/\/api.w.org\/{rel}","templated":true}]}}