{"id":153437,"date":"2020-02-14T14:15:52","date_gmt":"2020-02-14T17:15:52","guid":{"rendered":"http:\/\/www.caririemacao.com\/1\/?p=153437"},"modified":"2020-02-14T14:15:53","modified_gmt":"2020-02-14T17:15:53","slug":"acidente-envolvendo-carro-e-moto-deixa-uma-pessoa-morta-em-rodovia-da-paraiba","status":"publish","type":"post","link":"https:\/\/www.caririemacao.com\/1\/2020\/02\/14\/acidente-envolvendo-carro-e-moto-deixa-uma-pessoa-morta-em-rodovia-da-paraiba\/","title":{"rendered":"Acidente envolvendo carro e moto deixa uma pessoa morta em rodovia da Para\u00edba"},"content":{"rendered":"\n<p>Um acidente envolvendo um carro e uma moto deixou uma pessoa morta, na manh\u00e3 desta sexta-feira (14),&nbsp;km 91 da BR 101, pr\u00f3ximo \u00e0 Gr\u00e1fica Santa Marta, sentido Jo\u00e3o Pessoa-Recife. Com o impacto o motorista da motocicleta foi lan\u00e7ado ao solo.&nbsp;A v\u00edtima morreu ainda no local.<\/p>\n\n\n\n<p>A Pol\u00edcia Rodovi\u00e1ria Federal (PRF) interditou uma das vias aguardando a chegada da per\u00edcia.&nbsp;<\/p>\n\n\n\n<p>A causa do acidente n\u00e3o foi divulgada.<\/p>\n","protected":false},"excerpt":{"rendered":"<p>Um acidente envolvendo um carro e uma moto deixou uma pessoa morta, na manh\u00e3 desta sexta-feira (14),&nbsp;km 91 da BR 101, pr\u00f3ximo \u00e0 Gr\u00e1fica Santa&hellip; <\/p>\n","protected":false},"author":2,"featured_media":10580,"comment_status":"closed","ping_status":"closed","sticky":false,"template":"","format":"standard","meta":{"sfsi_plus_gutenberg_text_before_share":"","sfsi_plus_gutenberg_show_text_before_share":"","sfsi_plus_gutenberg_icon_type":"","sfsi_plus_gutenberg_icon_alignemt":"","sfsi_plus_gutenburg_max_per_row":"","footnotes":""},"categories":[12],"tags":[],"class_list":["post-153437","post","type-post","status-publish","format-standard","has-post-thumbnail","hentry","category-policia"],"_links":{"self":[{"href":"https:\/\/www.caririemacao.com\/1\/wp-json\/wp\/v2\/posts\/153437","targetHints":{"allow":["GET"]}}],"collection":[{"href":"https:\/\/www.caririemacao.com\/1\/wp-json\/wp\/v2\/posts"}],"about":[{"href":"https:\/\/www.caririemacao.com\/1\/wp-json\/wp\/v2\/types\/post"}],"author":[{"embeddable":true,"href":"https:\/\/www.caririemacao.com\/1\/wp-json\/wp\/v2\/users\/2"}],"replies":[{"embeddable":true,"href":"https:\/\/www.caririemacao.com\/1\/wp-json\/wp\/v2\/comments?post=153437"}],"version-history":[{"count":1,"href":"https:\/\/www.caririemacao.com\/1\/wp-json\/wp\/v2\/posts\/153437\/revisions"}],"predecessor-version":[{"id":153438,"href":"https:\/\/www.caririemacao.com\/1\/wp-json\/wp\/v2\/posts\/153437\/revisions\/153438"}],"wp:featuredmedia":[{"embeddable":true,"href":"https:\/\/www.caririemacao.com\/1\/wp-json\/wp\/v2\/media\/10580"}],"wp:attachment":[{"href":"https:\/\/www.caririemacao.com\/1\/wp-json\/wp\/v2\/media?parent=153437"}],"wp:term":[{"taxonomy":"category","embeddable":true,"href":"https:\/\/www.caririemacao.com\/1\/wp-json\/wp\/v2\/categories?post=153437"},{"taxonomy":"post_tag","embeddable":true,"href":"https:\/\/www.caririemacao.com\/1\/wp-json\/wp\/v2\/tags?post=153437"}],"curies":[{"name":"wp","href":"https:\/\/api.w.org\/{rel}","templated":true}]}}