{"id":153445,"date":"2020-02-14T14:53:08","date_gmt":"2020-02-14T17:53:08","guid":{"rendered":"http:\/\/www.caririemacao.com\/1\/?p=153445"},"modified":"2020-02-14T14:53:09","modified_gmt":"2020-02-14T17:53:09","slug":"medico-encontrado-morto-no-sertao-trabalhava-em-monteiro","status":"publish","type":"post","link":"https:\/\/www.caririemacao.com\/1\/2020\/02\/14\/medico-encontrado-morto-no-sertao-trabalhava-em-monteiro\/","title":{"rendered":"M\u00e9dico encontrado morto no Sert\u00e3o trabalhava em Monteiro"},"content":{"rendered":"\n<p>O m\u00e9dico Glauco Suassuna foi encontrado morto em casa, na cidade de Princesa Isabel, Sert\u00e3o paraibano, na manh\u00e3 desta sexta-feira (14). Ainda n\u00e3o h\u00e1 defini\u00e7\u00e3o exata da causa da morte.<\/p>\n\n\n\n<p>As informa\u00e7\u00f5es s\u00e3o de que o m\u00e9dico n\u00e3o foi trabalhar nem atendeu o telefone. Ent\u00e3o pessoas pr\u00f3ximas decidiram for\u00e7ar a porta do quarto e o encontraram sem vida.\u00a0<\/p>\n\n\n\n<p>O corpo deve ser examinado pelo Instituto M\u00e9dico Legal (IML) de Patos para identificar a causa da morte.<\/p>\n\n\n\n<p>Glauco Suassuna tinha 42 anos e era natural de Catol\u00e9 do Rocha, embora sua fam\u00edlia morasse h\u00e1 muitos anos em Campina Grande onde se formou em medicina. Em 2002, ele foi contratado para trabalhar em Juru e desde ent\u00e3o permaneceu na regi\u00e3o de Princesa Isabel.<\/p>\n\n\n\n<p>Click PB<\/p>\n","protected":false},"excerpt":{"rendered":"<p>O m\u00e9dico Glauco Suassuna foi encontrado morto em casa, na cidade de Princesa Isabel, Sert\u00e3o paraibano, na manh\u00e3 desta sexta-feira (14). Ainda n\u00e3o h\u00e1 defini\u00e7\u00e3o&hellip; <\/p>\n","protected":false},"author":2,"featured_media":153448,"comment_status":"closed","ping_status":"closed","sticky":false,"template":"","format":"standard","meta":{"sfsi_plus_gutenberg_text_before_share":"","sfsi_plus_gutenberg_show_text_before_share":"","sfsi_plus_gutenberg_icon_type":"","sfsi_plus_gutenberg_icon_alignemt":"","sfsi_plus_gutenburg_max_per_row":"","footnotes":""},"categories":[50,12],"tags":[],"class_list":["post-153445","post","type-post","status-publish","format-standard","has-post-thumbnail","hentry","category-destaque","category-policia"],"_links":{"self":[{"href":"https:\/\/www.caririemacao.com\/1\/wp-json\/wp\/v2\/posts\/153445","targetHints":{"allow":["GET"]}}],"collection":[{"href":"https:\/\/www.caririemacao.com\/1\/wp-json\/wp\/v2\/posts"}],"about":[{"href":"https:\/\/www.caririemacao.com\/1\/wp-json\/wp\/v2\/types\/post"}],"author":[{"embeddable":true,"href":"https:\/\/www.caririemacao.com\/1\/wp-json\/wp\/v2\/users\/2"}],"replies":[{"embeddable":true,"href":"https:\/\/www.caririemacao.com\/1\/wp-json\/wp\/v2\/comments?post=153445"}],"version-history":[{"count":1,"href":"https:\/\/www.caririemacao.com\/1\/wp-json\/wp\/v2\/posts\/153445\/revisions"}],"predecessor-version":[{"id":153449,"href":"https:\/\/www.caririemacao.com\/1\/wp-json\/wp\/v2\/posts\/153445\/revisions\/153449"}],"wp:featuredmedia":[{"embeddable":true,"href":"https:\/\/www.caririemacao.com\/1\/wp-json\/wp\/v2\/media\/153448"}],"wp:attachment":[{"href":"https:\/\/www.caririemacao.com\/1\/wp-json\/wp\/v2\/media?parent=153445"}],"wp:term":[{"taxonomy":"category","embeddable":true,"href":"https:\/\/www.caririemacao.com\/1\/wp-json\/wp\/v2\/categories?post=153445"},{"taxonomy":"post_tag","embeddable":true,"href":"https:\/\/www.caririemacao.com\/1\/wp-json\/wp\/v2\/tags?post=153445"}],"curies":[{"name":"wp","href":"https:\/\/api.w.org\/{rel}","templated":true}]}}