{"id":153459,"date":"2020-02-15T07:41:20","date_gmt":"2020-02-15T10:41:20","guid":{"rendered":"http:\/\/www.caririemacao.com\/1\/?p=153459"},"modified":"2020-02-15T07:41:22","modified_gmt":"2020-02-15T10:41:22","slug":"gilmar-mendes-absolve-homem-condenado-por-furtar-r-2915-em-restaurante","status":"publish","type":"post","link":"https:\/\/www.caririemacao.com\/1\/2020\/02\/15\/gilmar-mendes-absolve-homem-condenado-por-furtar-r-2915-em-restaurante\/","title":{"rendered":"Gilmar Mendes absolve homem condenado por furtar R$ 29,15 em restaurante"},"content":{"rendered":"\n<p>Caso aconteceu em Mau\u00e1 (SP). Homem foi condenado por furtar 4 garrafas e R$ 4,15 em moedas, e Defensoria P\u00fablica recorreu. Para Gilmar, n\u00e3o \u00e9 &#8216;razo\u00e1vel&#8217; dar relev\u00e2ncia ao epis\u00f3dio.<\/p>\n\n\n\n<p>O ministro Gilmar Mendes, do Supremo Tribunal Federal (STF), absolveu nesta sexta-feira (14) um homem condenado por furtar o equivalente a R$ 29,15 em um restaurante em Mau\u00e1 (SP).<\/p>\n\n\n\n<p>Conforme o processo, esse homem furtou uma garrafa de refrigerante; duas garrafas de cerveja; uma garrafa de cacha\u00e7a; e R$ 4,15 em moedas.<\/p>\n\n\n\n<p>O caso aconteceu em 2019. Na primeira inst\u00e2ncia da Justi\u00e7a, esse homem foi condenado a 1 ano e 9 meses de pris\u00e3o, e a segunda inst\u00e2ncia manteve a condena\u00e7\u00e3o.<\/p>\n\n\n\n<p>A Defensoria P\u00fablica de S\u00e3o Paulo, ent\u00e3o, recorreu ao Superior Tribunal de Justi\u00e7a (STJ), que n\u00e3o analisou o m\u00e9rito do habeas corpus. No STF, os defensores p\u00fablicos argumentaram que era poss\u00edvel aplicar o princ\u00edpio da insignific\u00e2ncia no caso e, por isso, n\u00e3o haveria a necessidade de fixa\u00e7\u00e3o da pena.<\/p>\n\n\n\n<p><strong>A decis\u00e3o de Gilmar Mendes<\/strong><br><\/p>\n\n\n\n<p>Ao analisar o caso, Gilmar Mendes entendeu que n\u00e3o seria &#8220;razo\u00e1vel&#8221; o direito penal e &#8220;todo o aparelho estatal&#8221; se movimentarem &#8220;no sentido de atribuir relev\u00e2ncia&#8221; ao caso.<\/p>\n\n\n\n<p>&#8220;Destaco, ainda, que, no caso em apre\u00e7o, n\u00e3o houve sequer preju\u00edzo material, pois os objetos foram restitu\u00eddos \u00e0 v\u00edtima, mais um motivo pelo qual deve incidir, por conseguinte, o postulado da bagatela, sobretudo porque a consequ\u00eancia nuclear do crime patrimonial \u00e9 acrescer o patrim\u00f4nio do autor e minorar o da v\u00edtima&#8221;, escreveu o ministro na decis\u00e3o.<\/p>\n","protected":false},"excerpt":{"rendered":"<p>Caso aconteceu em Mau\u00e1 (SP). Homem foi condenado por furtar 4 garrafas e R$ 4,15 em moedas, e Defensoria P\u00fablica recorreu. Para Gilmar, n\u00e3o \u00e9&hellip; <\/p>\n","protected":false},"author":2,"featured_media":151587,"comment_status":"closed","ping_status":"closed","sticky":false,"template":"","format":"standard","meta":{"sfsi_plus_gutenberg_text_before_share":"","sfsi_plus_gutenberg_show_text_before_share":"","sfsi_plus_gutenberg_icon_type":"","sfsi_plus_gutenberg_icon_alignemt":"","sfsi_plus_gutenburg_max_per_row":"","footnotes":""},"categories":[11],"tags":[],"class_list":["post-153459","post","type-post","status-publish","format-standard","has-post-thumbnail","hentry","category-politica"],"_links":{"self":[{"href":"https:\/\/www.caririemacao.com\/1\/wp-json\/wp\/v2\/posts\/153459","targetHints":{"allow":["GET"]}}],"collection":[{"href":"https:\/\/www.caririemacao.com\/1\/wp-json\/wp\/v2\/posts"}],"about":[{"href":"https:\/\/www.caririemacao.com\/1\/wp-json\/wp\/v2\/types\/post"}],"author":[{"embeddable":true,"href":"https:\/\/www.caririemacao.com\/1\/wp-json\/wp\/v2\/users\/2"}],"replies":[{"embeddable":true,"href":"https:\/\/www.caririemacao.com\/1\/wp-json\/wp\/v2\/comments?post=153459"}],"version-history":[{"count":1,"href":"https:\/\/www.caririemacao.com\/1\/wp-json\/wp\/v2\/posts\/153459\/revisions"}],"predecessor-version":[{"id":153460,"href":"https:\/\/www.caririemacao.com\/1\/wp-json\/wp\/v2\/posts\/153459\/revisions\/153460"}],"wp:featuredmedia":[{"embeddable":true,"href":"https:\/\/www.caririemacao.com\/1\/wp-json\/wp\/v2\/media\/151587"}],"wp:attachment":[{"href":"https:\/\/www.caririemacao.com\/1\/wp-json\/wp\/v2\/media?parent=153459"}],"wp:term":[{"taxonomy":"category","embeddable":true,"href":"https:\/\/www.caririemacao.com\/1\/wp-json\/wp\/v2\/categories?post=153459"},{"taxonomy":"post_tag","embeddable":true,"href":"https:\/\/www.caririemacao.com\/1\/wp-json\/wp\/v2\/tags?post=153459"}],"curies":[{"name":"wp","href":"https:\/\/api.w.org\/{rel}","templated":true}]}}