{"id":153463,"date":"2020-02-15T07:43:06","date_gmt":"2020-02-15T10:43:06","guid":{"rendered":"http:\/\/www.caririemacao.com\/1\/?p=153463"},"modified":"2020-02-15T07:43:08","modified_gmt":"2020-02-15T10:43:08","slug":"recem-nascido-e-usado-por-mae-para-trafico-de-cocaina","status":"publish","type":"post","link":"https:\/\/www.caririemacao.com\/1\/2020\/02\/15\/recem-nascido-e-usado-por-mae-para-trafico-de-cocaina\/","title":{"rendered":"Rec\u00e9m-nascido \u00e9 usado por m\u00e3e para tr\u00e1fico de coca\u00edna"},"content":{"rendered":"\n<p>A Pol\u00edcia Rodovi\u00e1ria Federal realizou uma apreens\u00e3o no fim da tarde desta sexta-feira (14), no km 38 da BR 101, em Mamanguape, no interior da Para\u00edba.<\/p>\n\n\n\n<p>A PRF localizou 2 kg de subst\u00e2ncia an\u00e1loga \u00e0 coca\u00edna em uma bolsa infantil, que estava sob responsabilidade de uma mulher que trazia um beb\u00ea de 1 m\u00eas e meio de vida.<\/p>\n\n\n\n<p>Ap\u00f3s levantamento, a PRF identificou que a droga estava sendo transportada de Natal, no Rio Grande do Norte, para Recife, em Pernambuco.<\/p>\n\n\n\n<p>A PRF acionou o Conselho Tutelar para realizar a guarda e prote\u00e7\u00e3o do beb\u00ea.<\/p>\n\n\n\n<p>Os suspeitos foram presos em flagrante e encaminhados para a Delegacia de Pol\u00edcia Civil.<\/p>\n","protected":false},"excerpt":{"rendered":"<p>A Pol\u00edcia Rodovi\u00e1ria Federal realizou uma apreens\u00e3o no fim da tarde desta sexta-feira (14), no km 38 da BR 101, em Mamanguape, no interior da&hellip; <\/p>\n","protected":false},"author":2,"featured_media":153464,"comment_status":"closed","ping_status":"closed","sticky":false,"template":"","format":"standard","meta":{"sfsi_plus_gutenberg_text_before_share":"","sfsi_plus_gutenberg_show_text_before_share":"","sfsi_plus_gutenberg_icon_type":"","sfsi_plus_gutenberg_icon_alignemt":"","sfsi_plus_gutenburg_max_per_row":"","footnotes":""},"categories":[12],"tags":[],"class_list":["post-153463","post","type-post","status-publish","format-standard","has-post-thumbnail","hentry","category-policia"],"_links":{"self":[{"href":"https:\/\/www.caririemacao.com\/1\/wp-json\/wp\/v2\/posts\/153463","targetHints":{"allow":["GET"]}}],"collection":[{"href":"https:\/\/www.caririemacao.com\/1\/wp-json\/wp\/v2\/posts"}],"about":[{"href":"https:\/\/www.caririemacao.com\/1\/wp-json\/wp\/v2\/types\/post"}],"author":[{"embeddable":true,"href":"https:\/\/www.caririemacao.com\/1\/wp-json\/wp\/v2\/users\/2"}],"replies":[{"embeddable":true,"href":"https:\/\/www.caririemacao.com\/1\/wp-json\/wp\/v2\/comments?post=153463"}],"version-history":[{"count":1,"href":"https:\/\/www.caririemacao.com\/1\/wp-json\/wp\/v2\/posts\/153463\/revisions"}],"predecessor-version":[{"id":153465,"href":"https:\/\/www.caririemacao.com\/1\/wp-json\/wp\/v2\/posts\/153463\/revisions\/153465"}],"wp:featuredmedia":[{"embeddable":true,"href":"https:\/\/www.caririemacao.com\/1\/wp-json\/wp\/v2\/media\/153464"}],"wp:attachment":[{"href":"https:\/\/www.caririemacao.com\/1\/wp-json\/wp\/v2\/media?parent=153463"}],"wp:term":[{"taxonomy":"category","embeddable":true,"href":"https:\/\/www.caririemacao.com\/1\/wp-json\/wp\/v2\/categories?post=153463"},{"taxonomy":"post_tag","embeddable":true,"href":"https:\/\/www.caririemacao.com\/1\/wp-json\/wp\/v2\/tags?post=153463"}],"curies":[{"name":"wp","href":"https:\/\/api.w.org\/{rel}","templated":true}]}}